{"id":8639,"date":"2022-09-14T13:15:06","date_gmt":"2022-09-14T11:15:06","guid":{"rendered":"https:\/\/projectes.xtec.cat\/lic-cce\/?p=8639"},"modified":"2025-07-03T09:27:55","modified_gmt":"2025-07-03T07:27:55","slug":"properes-formacions","status":"publish","type":"post","link":"https:\/\/projectes.xtec.cat\/lic-cce\/portada\/properes-formacions\/","title":{"rendered":"Activitats formatives"},"content":{"rendered":"<header class=\"entry-header\">\n<p class=\"entry-title\"><span style=\"font-weight: 400;\">El Departament d\u2019Educaci\u00f3 presenta oferta formativa a la<\/span> <a style=\"font-family: inherit; font-size: 1em; font-weight: normal;\" href=\"https:\/\/xtec.gencat.cat\/ca\/formacio\/\"><b>secci\u00f3 de formaci\u00f3 de la XTEC<\/b><\/a><b style=\"font-family: inherit; font-size: 1em;\">. <\/b><span style=\"font-weight: 400;\">A cadascun dels diferents apartats d\u2019aquesta p\u00e0gina i a trav\u00e9s de<\/span><b style=\"font-family: inherit; font-size: 1em;\">l <\/b><a style=\"font-family: inherit; font-size: 1em; font-weight: normal;\" href=\"https:\/\/xtec.gencat.cat\/ca\/formacio\/info-general\/cercador-activitats\/\"><b>cercador d&#8217;activitats<\/b><\/a> <span style=\"font-weight: 400;\">es pot accedir a la informaci\u00f3 relacionada i la inscripci\u00f3.<\/span><\/p>\n<\/header>\n<div class=\"entry-content\">\n<h3><b>Calendari d&#8217;inscripci\u00f3 a les activitats de Formaci\u00f3<\/b><\/h3>\n<p><span style=\"font-weight: 400;\">La inscripci\u00f3 a les activitats de l&#8217;oferta general es realitza en dos torns, un primer torn al setembre i un segon torn al gener. Al maig s&#8217;obre un altre per\u00edode d&#8217;inscripci\u00f3 per a la formaci\u00f3 d&#8217;estiu.<\/span><\/p>\n<p><span style=\"font-weight: 400;\">\u00a0<\/span><\/p>\n<table>\n<tbody>\n<tr>\n<td><b>Per\u00edodes d&#8217;inscripci\u00f3<\/b><\/td>\n<td><b>Sol\u00b7licitud de pla\u00e7a<\/b><\/td>\n<td><b>Consulta d\u2019adjudicacions<\/b><\/td>\n<td><b>Inici de les activitats<\/b><\/td>\n<\/tr>\n<tr>\n<td><b>Primer torn<\/b><\/td>\n<td><span style=\"font-weight: 400;\">del 12 al 25 de setembre<\/span><\/td>\n<td><span style=\"font-weight: 400;\">10 d\u2019octubre<\/span><\/td>\n<td><span style=\"font-weight: 400;\">a partir del 13 d&#8217;octubre<\/span><\/td>\n<\/tr>\n<tr>\n<td><b>Segon torn<\/b><\/td>\n<td><span style=\"font-weight: 400;\">del 7 al 17 de gener<\/span><\/td>\n<td><span style=\"font-weight: 400;\">31 de gener<\/span><\/td>\n<td><span style=\"font-weight: 400;\">a partir del 6 de febrer<\/span><\/td>\n<\/tr>\n<tr>\n<td><b>Formaci\u00f3 d&#8217;estiu<\/b><\/td>\n<td><span style=\"font-weight: 400;\">del 15 al 31 de maig<\/span><\/td>\n<td><span style=\"font-weight: 400;\">19 de juny<\/span><\/td>\n<td><span style=\"font-weight: 400;\">a partir de l&#8217;1 de juliol<\/span><\/td>\n<\/tr>\n<\/tbody>\n<\/table>\n<p>Activitats per alumnat nouvingut i de suport ling\u00fc\u00edstic i social:<\/p>\n<table style=\"width: 93.3144%; height: 3276px;\">\n<tbody>\n<tr style=\"height: 297px;\">\n<td style=\"height: 297px;\"><b>Lleng\u00fces i cultures del m\u00f3n<\/b><span style=\"font-weight: 400;\">9000540542<\/span><\/p>\n<p><span style=\"font-weight: 400;\">Curs. Prim\u00e0ria-Secund\u00e0ria<\/span><\/p>\n<p><span style=\"font-weight: 400;\">Del 17\/10\/2022 al 20\/2\/2023 ( 25 hores &#8211; 13 sessions ) de 17:30h a 19:30h<\/span><\/p>\n<p><span style=\"font-weight: 400;\">VT Curs a dist\u00e0ncia<\/span><\/p>\n<p><span style=\"font-weight: 400;\">Inscripci\u00f3: 12\/09\/2022 &#8211; 25\/09\/2022<\/span><\/p>\n<p><a href=\"https:\/\/aplicacions.gestioeducativa.gencat.cat\/pls\/soloas\/pk_for_mod_ins.p_for_exhaustiu_activitat?p_header=Detall%20d%27activitat%5Epk_for_mod_ins.p_for_detall_activitat?p_codi=9000540542%26p_curs=2022-2023%26p_es_inscr=S&amp;p_codi=9000540542&amp;p_curs=2022-2023&amp;p_es_inscr=S\"><span style=\"font-weight: 400;\">M\u00e9s informaci\u00f3<\/span><\/a><span style=\"font-weight: 400;\">\u00a0<\/span><\/td>\n<\/tr>\n<tr style=\"height: 257px;\">\n<td style=\"height: 257px;\"><b>R\u00fassia i Ucra\u00efna: lleng\u00fces i cultures<\/b><span style=\"font-weight: 400;\">9000510542<\/span><\/p>\n<p><span style=\"font-weight: 400;\">Curs. Prim\u00e0ria-Secund\u00e0ria<\/span><\/p>\n<p><span style=\"font-weight: 400;\">Del 18\/10\/2022 al 20\/12\/2022 ( 30 hores &#8211; 7 sessions ) de 18:00h a 20:00h<\/span><\/p>\n<p><span style=\"font-weight: 400;\">VT Curs a dist\u00e0ncia<\/span><\/p>\n<p><span style=\"font-weight: 400;\">Inscripci\u00f3: 12\/09\/2022 &#8211; 25\/09\/2022<br \/>\n<\/span><\/p>\n<p><a href=\"https:\/\/aplicacions.gestioeducativa.gencat.cat\/pls\/soloas\/pk_for_mod_ins.p_for_exhaustiu_activitat?p_header=Detall%20d%27activitat^pk_for_mod_ins.p_for_detall_activitat?p_codi=9000510542%26p_curs=2022-2023%26p_es_inscr=S&amp;p_codi=9000510542&amp;p_curs=2022-2023&amp;p_es_inscr=S\">M\u00e9s informaci\u00f3<\/a><\/td>\n<\/tr>\n<tr style=\"height: 297px;\">\n<td style=\"height: 297px;\"><b>Educaci\u00f3 intercultural: fonaments te\u00f2rics i aplicaci\u00f3 en el centre docent<\/b><span style=\"font-weight: 400;\">9000180541<\/span><\/p>\n<p><span style=\"font-weight: 400;\">Curs telem\u00e0tic (en l\u00ednia as\u00edncron). Internivells: Educaci\u00f3 Infantil-Prim\u00e0ria-Secund\u00e0ria<\/span><\/p>\n<p><span style=\"font-weight: 400;\">Del 3\/10\/2022 al 22\/1\/2023 ( 45 hores ) de h a h<\/span><\/p>\n<p><span style=\"font-weight: 400;\">VT Curs a dist\u00e0ncia \u00a0 <\/span><a href=\"https:\/\/aplicacions.gestioeducativa.gencat.cat\/pls\/soloas\/pk_for_mod_ins.p_for_exhaustiu_activitat?p_header=Llista%20d%27activitats%5Epk_for_mod_ins.p_for_cons_activitats?p_any=2022-2023%26p_totes=N%26p_desc=intercultural%26p_inici=1%26p_excloure_crp_rec=T*Detall%20d%27activitat%5Epk_for_mod_ins.p_for_detall_activitat?p_codi=9000180541%26p_curs=2022-2023%26p_es_inscr=S&amp;p_codi=9000180541&amp;p_curs=2022-2023&amp;p_es_inscr=S\"><span style=\"font-weight: 400;\">M\u00e9s informaci\u00f3<\/span><\/a><\/p>\n<p><span style=\"font-weight: 400;\">Del 13\/2\/2023 al 31\/5\/2023 ( 45 hores ) de h a h<\/span><\/p>\n<p><span style=\"font-weight: 400;\">Inscripci\u00f3: 07\/01\/2023 &#8211; 17\/01\/2023 <\/span><a href=\"https:\/\/aplicacions.gestioeducativa.gencat.cat\/pls\/soloas\/pk_for_mod_ins.p_for_exhaustiu_activitat?p_header=Llista%20d%27activitats%5Epk_for_mod_ins.p_for_cons_activitats?p_any=2022-2023%26p_totes=N%26p_desc=intercultural%26p_inici=1%26p_excloure_crp_rec=T*Detall%20d%27activitat%5Epk_for_mod_ins.p_for_detall_activitat?p_codi=9000240541%26p_curs=2022-2023%26p_es_inscr=S&amp;p_codi=9000240541&amp;p_curs=2022-2023&amp;p_es_inscr=S\"><span style=\"font-weight: 400;\">M\u00e9s informaci\u00f3<\/span><\/a><span style=\"font-weight: 400;\">\u00a0<\/span><\/td>\n<\/tr>\n<tr style=\"height: 336px;\">\n<td style=\"height: 336px;\"><b>Estrat\u00e8gies d&#8217;acollida emocional per a una escola intercultural. Del jo al nosaltres<\/b><span style=\"font-weight: 400;\">9000720555<\/span><\/p>\n<p><span style=\"font-weight: 400;\">Curs. Prim\u00e0ria-Secund\u00e0ria<\/span><\/p>\n<p><span style=\"font-weight: 400;\">VT Curs a dist\u00e0ncia<\/span><\/p>\n<p><span style=\"font-weight: 400;\">Del 31\/10\/2022 al 31\/5\/2023 ( 30 hores &#8211; 10 sessions ) de h a h<\/span><\/p>\n<p><span style=\"font-weight: 400;\">Inscripci\u00f3: 12\/09\/2022 &#8211; 25\/09\/2022<\/span><\/p>\n<p><a href=\"https:\/\/aplicacions.gestioeducativa.gencat.cat\/pls\/soloas\/pk_for_mod_ins.p_for_exhaustiu_activitat?p_header=Llista%20d%27activitats%5Epk_for_mod_ins.p_for_cons_activitats?p_any=2022-2023%26p_totes=N%26p_desc=intercultural%26p_inici=1%26p_excloure_crp_rec=T*Detall%20d%27activitat%5Epk_for_mod_ins.p_for_detall_activitat?p_codi=9000720555%26p_curs=2022-2023%26p_es_inscr=S&amp;p_codi=9000720555&amp;p_curs=2022-2023&amp;p_es_inscr=S\"><span style=\"font-weight: 400;\">M\u00e9s informaci\u00f3<\/span><\/a><\/p>\n<p><span style=\"font-weight: 400;\">\u00a0<\/span><\/td>\n<\/tr>\n<tr style=\"height: 297px;\">\n<td style=\"height: 297px;\"><b>Curs de nous tutors d\u2019aula d\u2019acollida<\/b><span style=\"font-weight: 400;\">B000200555<\/span><a href=\"https:\/\/aplicacions.gestioeducativa.gencat.cat\/pls\/soloas\/pk_for_mod_ins.p_for_pre_cons_activitats?p_any=2022-2023&amp;p_codi=B000200555\"><span style=\"font-weight: 400;\">\u00a0<\/span><\/a><\/p>\n<p><span style=\"font-weight: 400;\">Curs. Prim\u00e0ria-Secund\u00e0ria<\/span><\/p>\n<p><span style=\"font-weight: 400;\">VT Curs virtual. Sessions sincr\u00f2niques<\/span><\/p>\n<p><span style=\"font-weight: 400;\">Del 19\/10\/2022 al 30\/11\/2022 ( 30 hores &#8211; 7 sessions ) de 17:15h a 19:15h<\/span><\/p>\n<p><span style=\"font-weight: 400;\">Inscripci\u00f3: 12\/09\/2022 &#8211; 25\/09\/2022<\/span><\/p>\n<p><a href=\"https:\/\/aplicacions.gestioeducativa.gencat.cat\/pls\/soloas\/pk_for_mod_ins.p_for_pre_cons_activitats?p_any=2022-2023&amp;p_codi=B000200555\"><span style=\"font-weight: 400;\">\u00a0M\u00e9s informaci\u00f3\u00a0<\/span><\/a><\/td>\n<\/tr>\n<tr style=\"height: 257px;\">\n<td style=\"height: 257px;\"><b>Aproximaci\u00f3 a la llengua \u00e0rab i cultura marroquina<\/b><span style=\"font-weight: 400;\">B00021050B<\/span><\/p>\n<p><span style=\"font-weight: 400;\">Curs. Internivells: Educaci\u00f3 Infantil-Prim\u00e0ria-Secund\u00e0ria<\/span><\/p>\n<p><span style=\"font-weight: 400;\">VT Curs virtual. Sessions sincr\u00f2niques<\/span><\/p>\n<p><span style=\"font-weight: 400;\">Del 7\/2\/2023 al 25\/4\/2023 (20 hores) de 18:00h a 20:00h<\/span><\/p>\n<p><a href=\"https:\/\/aplicacions.gestioeducativa.gencat.cat\/pls\/soloas\/pk_for_mod_ins.p_for_pre_cons_activitats?p_any=2022-2023&amp;p_codi=B00021050B\"><span style=\"font-weight: 400;\">M\u00e9s informaci\u00f3<\/span><\/a><\/td>\n<\/tr>\n<tr style=\"height: 257px;\">\n<td style=\"height: 257px;\"><b>Curs d&#8217;acompanyament a la coordinaci\u00f3 LIC<\/b><span style=\"font-weight: 400;\">codi B00023050B<\/span><\/p>\n<p><span style=\"font-weight: 400;\">Curs. Prim\u00e0ria-Secund\u00e0ria<\/span><\/p>\n<p><span style=\"font-weight: 400;\">VT Curs virtual. Sessions sincr\u00f2niques<\/span><\/p>\n<p><span style=\"font-weight: 400;\">Del 17\/10\/2022 al 27\/03\/2023 <\/span><span style=\"font-weight: 400;\">( 21 <\/span><span style=\"font-weight: 400;\">\u00a0hores &#8211; 7 sessions ) de 17:15h a 19:15h<\/span><\/p>\n<p><a href=\"https:\/\/aplicacions.gestioeducativa.gencat.cat\/pls\/soloas\/pk_for_mod_ins.p_for_exhaustiu_activitat?p_header=Detall%20d%27activitat%5Epk_for_mod_ins.p_for_detall_activitat?p_codi=B00023050B%26p_curs=2022-2023%26p_es_inscr=S&amp;p_codi=B00023050B&amp;p_curs=2022-2023&amp;p_es_inscr=S\"><span style=\"font-weight: 400;\">M\u00e9s informaci\u00f3<\/span><\/a><\/td>\n<\/tr>\n<tr style=\"height: 297px;\">\n<td style=\"height: 297px;\"><b>L&#8217;acollida en contextos escolars de diversitat ling\u00fc\u00edstica i cultural<\/b><span style=\"font-weight: 400;\">9000510555<\/span><\/p>\n<p><span style=\"font-weight: 400;\">Prim\u00e0ria-Secund\u00e0ria<\/span><\/p>\n<p><span style=\"font-weight: 400;\">2022-2023Curs telem\u00e0tic (en l\u00ednia as\u00edncron).\u00a0\u00a0<\/span><\/p>\n<p><span style=\"font-weight: 400;\">Del 17\/10\/2022 al 3\/3\/2023 ( 40 hores ) de h a hVT Curs a dist\u00e0ncia_ ( A dist\u00e0ncia ) <\/span><a href=\"https:\/\/aplicacions.gestioeducativa.gencat.cat\/pls\/soloas\/pk_for_mod_ins.p_for_exhaustiu_activitat?p_header=Llista%20d%27activitats%5Epk_for_mod_ins.p_for_cons_activitats?p_any=2022-2023%26p_totes=N%26p_desc=L%27ACOLLIDA%20EN%20CONTEXTOS%20ESCOLARS%20DE%20DIVERSITAT%20LING%C3%9C%C3%8DSTICA%20I%20CULTURAL%26p_inici=1%26p_excloure_crp_rec=T*Detall%20d%27activitat%5Epk_for_mod_ins.p_for_detall_activitat?p_codi=9000510555%26p_curs=2022-2023%26p_es_inscr=S&amp;p_codi=9000510555&amp;p_curs=2022-2023&amp;p_es_inscr=S\"><b>M\u00e9s informaci\u00f3<\/b><\/a><b>\u00a0<\/b><\/p>\n<p><span style=\"font-weight: 400;\">Del 23\/1\/2023 al 9\/6\/2023 ( 40 hores ) <\/span><span style=\"font-weight: 400;\">de h a hVT Curs a dist\u00e0ncia_ ( A dist\u00e0ncia )<\/span><\/p>\n<p><a href=\"https:\/\/aplicacions.gestioeducativa.gencat.cat\/pls\/soloas\/pk_for_mod_ins.p_for_exhaustiu_activitat?p_header=Llista%20d%27activitats%5Epk_for_mod_ins.p_for_cons_activitats?p_any=2022-2023%26p_totes=N%26p_desc=L%27ACOLLIDA%20EN%20CONTEXTOS%20ESCOLARS%20DE%20DIVERSITAT%20LING%C3%9C%C3%8DSTICA%20I%20CULTURAL%26p_inici=1%26p_excloure_crp_rec=T*Detall%20d%27activitat%5Epk_for_mod_ins.p_for_detall_activitat?p_codi=9000520555%26p_curs=2022-2023%26p_es_inscr=S&amp;p_codi=9000520555&amp;p_curs=2022-2023&amp;p_es_inscr=S\"><b>M\u00e9s informaci\u00f3<\/b><\/a><\/td>\n<\/tr>\n<tr style=\"height: 257px;\">\n<td style=\"height: 257px;\"><b>Did\u00e0ctica del catal\u00e0 com a segona llengua per a l&#8217;alumnat nouvingut<\/b><span style=\"font-weight: 400;\">9000530555<\/span><\/p>\n<p><span style=\"font-weight: 400;\">Prim\u00e0ria-Secund\u00e0ria<\/span><\/p>\n<p><span style=\"font-weight: 400;\">2022-2023Curs telem\u00e0tic (en l\u00ednia as\u00edncron).<\/span><\/p>\n<p><span style=\"font-weight: 400;\">Del 17\/10\/2022 al 3\/3\/2023 ( 40 hores ) de h a h <\/span><a href=\"https:\/\/aplicacions.gestioeducativa.gencat.cat\/pls\/soloas\/pk_for_mod_ins.p_for_exhaustiu_activitat?p_header=Llista%20d%27activitats%5Epk_for_mod_ins.p_for_cons_activitats?p_any=2022-2023%26p_totes=N%26p_desc=didactica%20del%20catala%26p_inici=1%26p_excloure_crp_rec=T*Detall%20d%27activitat%5Epk_for_mod_ins.p_for_detall_activitat?p_codi=9000530555%26p_curs=2022-2023%26p_es_inscr=S&amp;p_codi=9000530555&amp;p_curs=2022-2023&amp;p_es_inscr=S\"><span style=\"font-weight: 400;\">M\u00e9s informaci\u00f3<\/span><\/a><\/p>\n<p><span style=\"font-weight: 400;\">Del 23\/1\/2023 al 9\/6\/2023 ( 40 hores ) de h a h <\/span><a href=\"https:\/\/aplicacions.gestioeducativa.gencat.cat\/pls\/soloas\/pk_for_mod_ins.p_for_exhaustiu_activitat?p_header=Llista%20d%27activitats%5Epk_for_mod_ins.p_for_cons_activitats?p_any=2022-2023%26p_totes=N%26p_desc=didactica%20del%20catala%26p_inici=1%26p_excloure_crp_rec=T*Detall%20d%27activitat%5Epk_for_mod_ins.p_for_detall_activitat?p_codi=9000540555%26p_curs=2022-2023%26p_es_inscr=S&amp;p_codi=9000540555&amp;p_curs=2022-2023&amp;p_es_inscr=S\"><span style=\"font-weight: 400;\">M\u00e9s informaci\u00f3<\/span><\/a><\/td>\n<\/tr>\n<tr style=\"height: 257px;\">\n<td style=\"height: 257px;\"><b>El tractament de la diversitat ling\u00fc\u00edstica en els centres educatius<\/b><span style=\"font-weight: 400;\">9000570555<\/span><\/p>\n<p><span style=\"font-weight: 400;\">Curs telem\u00e0tic (en l\u00ednia as\u00edncron). Internivells: Educaci\u00f3 Infantil-Prim\u00e0ria-Secund\u00e0ria<\/span><\/p>\n<p><span style=\"font-weight: 400;\">Del 17\/10\/2022 al 26\/5\/2023 ( 50 hores ) de h a h<\/span><\/p>\n<p><span style=\"font-weight: 400;\">VT Curs a dist\u00e0ncia<\/span><\/p>\n<p><a href=\"https:\/\/aplicacions.gestioeducativa.gencat.cat\/pls\/soloas\/pk_for_mod_ins.p_for_exhaustiu_activitat?p_header=Llista%20d%27activitats%5Epk_for_mod_ins.p_for_cons_activitats?p_any=2022-2023%26p_totes=N%26p_desc=El%20tractament%20de%20la%20diversitat%26p_inici=1%26p_excloure_crp_rec=T*Detall%20d%27activitat%5Epk_for_mod_ins.p_for_detall_activitat?p_codi=9000570555%26p_curs=2022-2023%26p_es_inscr=S&amp;p_codi=9000570555&amp;p_curs=2022-2023&amp;p_es_inscr=S\"><span style=\"font-weight: 400;\">M\u00e9s informaci\u00f3<\/span><\/a><span style=\"font-weight: 400;\">\u00a0<\/span><\/td>\n<\/tr>\n<tr style=\"height: 257px;\">\n<td style=\"height: 257px;\"><b>Estrat\u00e8gies de suport a l&#8217;aprenentatge de l&#8217;alumnat d&#8217;origen estranger a l&#8217;aula ordin\u00e0ria<\/b><span style=\"font-weight: 400;\">9000550555<\/span><\/p>\n<p><span style=\"font-weight: 400;\">Curs telem\u00e0tic (en l\u00ednia as\u00edncron). Prim\u00e0ria-Secund\u00e0ria<\/span><\/p>\n<p><span style=\"font-weight: 400;\">Del 17\/10\/2022 al 3\/3\/2023 ( 40 hores ) de h a h <\/span><a href=\"https:\/\/aplicacions.gestioeducativa.gencat.cat\/pls\/soloas\/pk_for_mod_ins.p_for_exhaustiu_activitat?p_header=Llista%20d%27activitats%5Epk_for_mod_ins.p_for_cons_activitats?p_any=2022-2023%26p_totes=N%26p_desc=estrategies%20de%20suport%26p_inici=1%26p_excloure_crp_rec=T*Detall%20d%27activitat%5Epk_for_mod_ins.p_for_detall_activitat?p_codi=9000550555%26p_curs=2022-2023%26p_es_inscr=S&amp;p_codi=9000550555&amp;p_curs=2022-2023&amp;p_es_inscr=S\"><span style=\"font-weight: 400;\">M\u00e9s informaci\u00f3<\/span><\/a><\/p>\n<p><span style=\"font-weight: 400;\">VT Curs a dist\u00e0ncia<\/span><\/p>\n<p><span style=\"font-weight: 400;\">Del 23\/1\/2023 al 9\/6\/2023 ( 40 hores ) de h a h <\/span><a href=\"https:\/\/aplicacions.gestioeducativa.gencat.cat\/pls\/soloas\/pk_for_mod_ins.p_for_exhaustiu_activitat?p_header=Llista%20d%27activitats%5Epk_for_mod_ins.p_for_cons_activitats?p_any=2022-2023%26p_totes=N%26p_desc=estrategies%20de%20suport%26p_inici=1%26p_excloure_crp_rec=T*Detall%20d%27activitat%5Epk_for_mod_ins.p_for_detall_activitat?p_codi=9000560555%26p_curs=2022-2023%26p_es_inscr=S&amp;p_codi=9000560555&amp;p_curs=2022-2023&amp;p_es_inscr=S\"><span style=\"font-weight: 400;\">M\u00e9s informaci\u00f3<\/span><\/a><\/td>\n<\/tr>\n<tr style=\"height: 177px;\">\n<td style=\"height: 177px;\"><b>Les altres literatures universals<\/b><span style=\"font-weight: 400;\">9000580555<\/span><\/p>\n<p><span style=\"font-weight: 400;\">Curs telem\u00e0tic (en l\u00ednia as\u00edncron). Prim\u00e0ria-Secund\u00e0ria<\/span><\/p>\n<p><span style=\"font-weight: 400;\">Del 17\/10\/2022 al 28\/4\/2023 ( 45 hores ) de h a h <\/span><a href=\"https:\/\/aplicacions.gestioeducativa.gencat.cat\/pls\/soloas\/pk_for_mod_ins.p_for_exhaustiu_activitat?p_header=Llista%20d%27activitats%5Epk_for_mod_ins.p_for_cons_activitats?p_any=2022-2023%26p_totes=N%26p_desc=altres%20literatures%26p_inici=1%26p_excloure_crp_rec=T*Detall%20d%27activitat%5Epk_for_mod_ins.p_for_detall_activitat?p_codi=9000580555%26p_curs=2022-2023%26p_es_inscr=S&amp;p_codi=9000580555&amp;p_curs=2022-2023&amp;p_es_inscr=S\"><span style=\"font-weight: 400;\">M\u00e9s informaci\u00f3<\/span><\/a><\/td>\n<\/tr>\n<tr style=\"height: 33px;\">\n<td style=\"height: 33px;\"><b>\u00c0rab alumnes Secund\u00e0ria<\/b><\/td>\n<\/tr>\n<tr>\n<td><b>Com abordem les diversitats a l&#8217;aula<\/b><span style=\"font-weight: 400;\">9000170541<\/span><\/p>\n<p><span style=\"font-weight: 400;\">Curs telem\u00e0tic (en l\u00ednia as\u00edncron). Internivells: Educaci\u00f3 Infantil-Prim\u00e0ria-Secund\u00e0ria<\/span><\/p>\n<p><span style=\"font-weight: 400;\">Del 10\/10\/2022 al 14\/12\/2022 ( 20 hores &#8211; 8 sessions ) de 17:30h a 19:30h<\/span><\/p>\n<p><span style=\"font-weight: 400;\">VT Curs a dist\u00e0ncia<\/span><\/p>\n<p><a href=\"https:\/\/aplicacions.gestioeducativa.gencat.cat\/pls\/soloas\/pk_for_mod_ins.p_for_exhaustiu_activitat?p_header=Llista%20d%27activitats%5Epk_for_mod_ins.p_for_cons_activitats?p_tipus_act=PL45,PL46,PL47,PL48,PL49,PL50,PL51,CADA,EIAC,EIFT%26p_totes=S%26p_inici=1%26p_excloure_crp_rec=F*Detall%20d%27activitat%5Epk_for_mod_ins.p_for_detall_activitat?p_codi=9000170541%26p_curs=2022-2023%26p_es_inscr=S&amp;p_codi=9000170541&amp;p_curs=2022-2023&amp;p_es_inscr=S\"><span style=\"font-weight: 400;\">M\u00e9s informaci\u00f3<\/span><\/a><b><\/b><\/td>\n<\/tr>\n<\/tbody>\n<\/table>\n<h4><\/h4>\n<div id=\"infoCursos\">\n<div class=\"table-responsive pd-15 pd-30 taula_0\"><\/div>\n<\/div>\n<\/div>\n","protected":false},"excerpt":{"rendered":"<p>El Departament d\u2019Educaci\u00f3 presenta oferta formativa a la secci\u00f3 de formaci\u00f3 de la XTEC. A cadascun dels diferents apartats d\u2019aquesta p\u00e0gina i a trav\u00e9s del cercador d&#8217;activitats es pot accedir a la informaci\u00f3 relacionada i la inscripci\u00f3. Calendari d&#8217;inscripci\u00f3 a les activitats de Formaci\u00f3 La inscripci\u00f3 a les activitats de l&#8217;oferta general es realitza en [&hellip;]<\/p>\n","protected":false},"author":1,"featured_media":0,"comment_status":"open","ping_status":"closed","sticky":false,"template":"","format":"standard","meta":{"_bbp_topic_count":0,"_bbp_reply_count":0,"_bbp_total_topic_count":0,"_bbp_total_reply_count":0,"_bbp_voice_count":0,"_bbp_anonymous_reply_count":0,"_bbp_topic_count_hidden":0,"_bbp_reply_count_hidden":0,"_bbp_forum_subforum_count":0,"site-sidebar-layout":"default","site-content-layout":"","ast-site-content-layout":"default","site-content-style":"default","site-sidebar-style":"default","ast-global-header-display":"","ast-banner-title-visibility":"","ast-main-header-display":"","ast-hfb-above-header-display":"","ast-hfb-below-header-display":"","ast-hfb-mobile-header-display":"","site-post-title":"","ast-breadcrumbs-content":"","ast-featured-img":"","footer-sml-layout":"","theme-transparent-header-meta":"","adv-header-id-meta":"","stick-header-meta":"","header-above-stick-meta":"","header-main-stick-meta":"","header-below-stick-meta":"","astra-migrate-meta-layouts":"set","ast-page-background-enabled":"default","ast-page-background-meta":{"desktop":{"background-color":"var(--ast-global-color-4)","background-image":"","background-repeat":"repeat","background-position":"center center","background-size":"auto","background-attachment":"scroll","background-type":"","background-media":"","overlay-type":"","overlay-color":"","overlay-opacity":"","overlay-gradient":""},"tablet":{"background-color":"","background-image":"","background-repeat":"repeat","background-position":"center center","background-size":"auto","background-attachment":"scroll","background-type":"","background-media":"","overlay-type":"","overlay-color":"","overlay-opacity":"","overlay-gradient":""},"mobile":{"background-color":"","background-image":"","background-repeat":"repeat","background-position":"center center","background-size":"auto","background-attachment":"scroll","background-type":"","background-media":"","overlay-type":"","overlay-color":"","overlay-opacity":"","overlay-gradient":""}},"ast-content-background-meta":{"desktop":{"background-color":"var(--ast-global-color-5)","background-image":"","background-repeat":"repeat","background-position":"center center","background-size":"auto","background-attachment":"scroll","background-type":"","background-media":"","overlay-type":"","overlay-color":"","overlay-opacity":"","overlay-gradient":""},"tablet":{"background-color":"var(--ast-global-color-5)","background-image":"","background-repeat":"repeat","background-position":"center center","background-size":"auto","background-attachment":"scroll","background-type":"","background-media":"","overlay-type":"","overlay-color":"","overlay-opacity":"","overlay-gradient":""},"mobile":{"background-color":"var(--ast-global-color-5)","background-image":"","background-repeat":"repeat","background-position":"center center","background-size":"auto","background-attachment":"scroll","background-type":"","background-media":"","overlay-type":"","overlay-color":"","overlay-opacity":"","overlay-gradient":""}},"footnotes":""},"categories":[411,29],"tags":[324],"class_list":["post-8639","post","type-post","status-publish","format-standard","hentry","category-formacio","category-portada","tag-formacio"],"post_mailing_queue_ids":[],"_links":{"self":[{"href":"https:\/\/projectes.xtec.cat\/lic-cce\/wp-json\/wp\/v2\/posts\/8639","targetHints":{"allow":["GET"]}}],"collection":[{"href":"https:\/\/projectes.xtec.cat\/lic-cce\/wp-json\/wp\/v2\/posts"}],"about":[{"href":"https:\/\/projectes.xtec.cat\/lic-cce\/wp-json\/wp\/v2\/types\/post"}],"author":[{"embeddable":true,"href":"https:\/\/projectes.xtec.cat\/lic-cce\/wp-json\/wp\/v2\/users\/1"}],"replies":[{"embeddable":true,"href":"https:\/\/projectes.xtec.cat\/lic-cce\/wp-json\/wp\/v2\/comments?post=8639"}],"version-history":[{"count":3,"href":"https:\/\/projectes.xtec.cat\/lic-cce\/wp-json\/wp\/v2\/posts\/8639\/revisions"}],"predecessor-version":[{"id":9809,"href":"https:\/\/projectes.xtec.cat\/lic-cce\/wp-json\/wp\/v2\/posts\/8639\/revisions\/9809"}],"wp:attachment":[{"href":"https:\/\/projectes.xtec.cat\/lic-cce\/wp-json\/wp\/v2\/media?parent=8639"}],"wp:term":[{"taxonomy":"category","embeddable":true,"href":"https:\/\/projectes.xtec.cat\/lic-cce\/wp-json\/wp\/v2\/categories?post=8639"},{"taxonomy":"post_tag","embeddable":true,"href":"https:\/\/projectes.xtec.cat\/lic-cce\/wp-json\/wp\/v2\/tags?post=8639"}],"curies":[{"name":"wp","href":"https:\/\/api.w.org\/{rel}","templated":true}]}}