{"id":8738,"date":"2022-06-23T09:08:11","date_gmt":"2022-06-23T07:08:11","guid":{"rendered":"https:\/\/projectes.xtec.cat\/lic-cce\/?p=8738"},"modified":"2022-06-22T18:42:48","modified_gmt":"2022-06-22T16:42:48","slug":"lecxit-projecte-dacompanyament-lector","status":"publish","type":"post","link":"https:\/\/projectes.xtec.cat\/lic-cce\/portada\/lecxit-projecte-dacompanyament-lector\/","title":{"rendered":"LECXIT, projecte d&#8217;acompanyament lector"},"content":{"rendered":"<p>LECXIT \u00e9s un programa impulsat per la Fundaci\u00f3 J. Bofill, que s&#8217;emmarca dins els plans educatius d&#8217;entorn. T\u00e9 per objectiu millorar els resultats educatius dels infants, a trav\u00e9s de la millora de la comprensi\u00f3 lectora.<br \/>\nPersones volunt\u00e0ries acompanyen un infant a partir de 4t de prim\u00e0ria, en la lectura, 1 hora a la setmana, fora de l&#8217;horari lectiu amb l&#8217;objectiu de millorar la comprensi\u00f3, i fomentar l&#8217;\u00e8xit educatiu.<\/p>\n<p>Hi participen escoles de Prim\u00e0ria, tamb\u00e9 alumnat de secund\u00e0ria com a mentors\/es en el marc del Servei Comunitari. Hi la col\u00b7laboraci\u00f3 de l&#8217;alumnat, fam\u00edlies, centres, voluntaris\/es, les biblioteques municipals, els ajuntaments i l&#8217;acompanyament de l&#8217;equip LIC de cada zona.<\/p>\n<p>Us convidem a con\u00e8ixer els <a href=\"https:\/\/lecxit.cat\/espais-lecxit\">&#8220;Espais lecxit&#8221;<\/a> que tenim a la Catalunya central i a veure en qu\u00e8 consisteix el programa!<\/p>\n<p><iframe loading=\"lazy\" title=\"YouTube video player\" src=\"\/\/www.youtube.com\/embed\/egpGoDeZei0\" width=\"560\" height=\"315\" frameborder=\"0\" allowfullscreen=\"allowfullscreen\"><\/iframe><\/p>\n<p>&nbsp;<\/p>\n<p><iframe loading=\"lazy\" title=\"YouTube video player\" src=\"\/\/www.youtube.com\/embed\/L_YMXdxQh-M\" width=\"560\" height=\"315\" frameborder=\"0\" allowfullscreen=\"allowfullscreen\"><\/iframe><\/p>\n<p><iframe loading=\"lazy\" title=\"YouTube video player\" src=\"\/\/www.youtube.com\/embed\/zH-A4zlxxLs?start=1\" width=\"560\" height=\"315\" frameborder=\"0\" allowfullscreen=\"allowfullscreen\"><\/iframe><\/p>\n","protected":false},"excerpt":{"rendered":"<p>LECXIT \u00e9s un programa impulsat per la Fundaci\u00f3 J. Bofill, que s&#8217;emmarca dins els plans educatius d&#8217;entorn. T\u00e9 per objectiu millorar els resultats educatius dels infants, a trav\u00e9s de la millora de la comprensi\u00f3 lectora. Persones volunt\u00e0ries acompanyen un infant a partir de 4t de prim\u00e0ria, en la lectura, 1 hora a la setmana, fora [&hellip;]<\/p>\n","protected":false},"author":1,"featured_media":8752,"comment_status":"open","ping_status":"closed","sticky":false,"template":"","format":"standard","meta":{"_bbp_topic_count":0,"_bbp_reply_count":0,"_bbp_total_topic_count":0,"_bbp_total_reply_count":0,"_bbp_voice_count":0,"_bbp_anonymous_reply_count":0,"_bbp_topic_count_hidden":0,"_bbp_reply_count_hidden":0,"_bbp_forum_subforum_count":0,"site-sidebar-layout":"default","site-content-layout":"","ast-site-content-layout":"","site-content-style":"default","site-sidebar-style":"default","ast-global-header-display":"","ast-banner-title-visibility":"","ast-main-header-display":"","ast-hfb-above-header-display":"","ast-hfb-below-header-display":"","ast-hfb-mobile-header-display":"","site-post-title":"","ast-breadcrumbs-content":"","ast-featured-img":"","footer-sml-layout":"","theme-transparent-header-meta":"","adv-header-id-meta":"","stick-header-meta":"","header-above-stick-meta":"","header-main-stick-meta":"","header-below-stick-meta":"","astra-migrate-meta-layouts":"default","ast-page-background-enabled":"default","ast-page-background-meta":{"desktop":{"background-color":"var(--ast-global-color-4)","background-image":"","background-repeat":"repeat","background-position":"center center","background-size":"auto","background-attachment":"scroll","background-type":"","background-media":"","overlay-type":"","overlay-color":"","overlay-opacity":"","overlay-gradient":""},"tablet":{"background-color":"","background-image":"","background-repeat":"repeat","background-position":"center center","background-size":"auto","background-attachment":"scroll","background-type":"","background-media":"","overlay-type":"","overlay-color":"","overlay-opacity":"","overlay-gradient":""},"mobile":{"background-color":"","background-image":"","background-repeat":"repeat","background-position":"center center","background-size":"auto","background-attachment":"scroll","background-type":"","background-media":"","overlay-type":"","overlay-color":"","overlay-opacity":"","overlay-gradient":""}},"ast-content-background-meta":{"desktop":{"background-color":"var(--ast-global-color-5)","background-image":"","background-repeat":"repeat","background-position":"center center","background-size":"auto","background-attachment":"scroll","background-type":"","background-media":"","overlay-type":"","overlay-color":"","overlay-opacity":"","overlay-gradient":""},"tablet":{"background-color":"var(--ast-global-color-5)","background-image":"","background-repeat":"repeat","background-position":"center center","background-size":"auto","background-attachment":"scroll","background-type":"","background-media":"","overlay-type":"","overlay-color":"","overlay-opacity":"","overlay-gradient":""},"mobile":{"background-color":"var(--ast-global-color-5)","background-image":"","background-repeat":"repeat","background-position":"center center","background-size":"auto","background-attachment":"scroll","background-type":"","background-media":"","overlay-type":"","overlay-color":"","overlay-opacity":"","overlay-gradient":""}},"footnotes":""},"categories":[307,29],"tags":[297,327],"class_list":["post-8738","post","type-post","status-publish","format-standard","has-post-thumbnail","hentry","category-cohesio-social","category-portada","tag-lectura","tag-pee"],"post_mailing_queue_ids":[],"_links":{"self":[{"href":"https:\/\/projectes.xtec.cat\/lic-cce\/wp-json\/wp\/v2\/posts\/8738","targetHints":{"allow":["GET"]}}],"collection":[{"href":"https:\/\/projectes.xtec.cat\/lic-cce\/wp-json\/wp\/v2\/posts"}],"about":[{"href":"https:\/\/projectes.xtec.cat\/lic-cce\/wp-json\/wp\/v2\/types\/post"}],"author":[{"embeddable":true,"href":"https:\/\/projectes.xtec.cat\/lic-cce\/wp-json\/wp\/v2\/users\/1"}],"replies":[{"embeddable":true,"href":"https:\/\/projectes.xtec.cat\/lic-cce\/wp-json\/wp\/v2\/comments?post=8738"}],"version-history":[{"count":3,"href":"https:\/\/projectes.xtec.cat\/lic-cce\/wp-json\/wp\/v2\/posts\/8738\/revisions"}],"predecessor-version":[{"id":8761,"href":"https:\/\/projectes.xtec.cat\/lic-cce\/wp-json\/wp\/v2\/posts\/8738\/revisions\/8761"}],"wp:featuredmedia":[{"embeddable":true,"href":"https:\/\/projectes.xtec.cat\/lic-cce\/wp-json\/wp\/v2\/media\/8752"}],"wp:attachment":[{"href":"https:\/\/projectes.xtec.cat\/lic-cce\/wp-json\/wp\/v2\/media?parent=8738"}],"wp:term":[{"taxonomy":"category","embeddable":true,"href":"https:\/\/projectes.xtec.cat\/lic-cce\/wp-json\/wp\/v2\/categories?post=8738"},{"taxonomy":"post_tag","embeddable":true,"href":"https:\/\/projectes.xtec.cat\/lic-cce\/wp-json\/wp\/v2\/tags?post=8738"}],"curies":[{"name":"wp","href":"https:\/\/api.w.org\/{rel}","templated":true}]}}