{"id":8762,"date":"2022-06-23T11:52:16","date_gmt":"2022-06-23T09:52:16","guid":{"rendered":"https:\/\/projectes.xtec.cat\/lic-cce\/?p=8762"},"modified":"2022-06-23T09:53:20","modified_gmt":"2022-06-23T07:53:20","slug":"promoure-la-interculturalitat-en-els-centres-educatius","status":"publish","type":"post","link":"https:\/\/projectes.xtec.cat\/lic-cce\/portada\/promoure-la-interculturalitat-en-els-centres-educatius\/","title":{"rendered":"Promoure la Interculturalitat en els centres educatius"},"content":{"rendered":"<p>Durant el curs 2019-2020 es va crear un grup de treball integrat per t\u00e8cnics i t\u00e8cniques del Departament d&#8217;Educaci\u00f3 i assessors i assessores LIC. El grup ha dut a terme una guia d&#8217;interculturalitat on s&#8217;ofereix assessorament a professionals de l&#8217;educaci\u00f3 en un marc de reflexions enfocades al treball en els centres educatius que dona resposta als reptes educatius actuals.<\/p>\n<p>Aquesta guia compta amb la col\u00b7laboraci\u00f3 de l&#8217;Edgar Iglesias, el Josep Guardiola i la Kira Berm\u00fadez, experts de la Universitat de Girona i de la Universitat Aut\u00f2noma. D&#8217;una banda, pret\u00e9n afavorir el pas de conceptes te\u00f2rics a experi\u00e8ncies din\u00e0miques i, de l&#8217;altra, afavorir l&#8217;enriquiment pedag\u00f2gic, oferint un recull de recursos formatius que permeti endinsar-se en les q\u00fcestions clau de la interculturalitat.<\/p>\n<p><a href=\"https:\/\/projectes.xtec.cat\/lic-cce\/wp-content\/uploads\/usu2122\/2021\/12\/descarrega-arxius-2.jpg\"><img loading=\"lazy\" decoding=\"async\" class=\"alignnone wp-image-8524\" src=\"https:\/\/projectes.xtec.cat\/lic-cce\/wp-content\/uploads\/usu2122\/2021\/12\/descarrega-arxius-2-300x208.jpg\" alt=\"\" width=\"123\" height=\"85\" srcset=\"https:\/\/projectes.xtec.cat\/lic-cce\/wp-content\/uploads\/usu2122\/2021\/12\/descarrega-arxius-2-300x208.jpg 300w, https:\/\/projectes.xtec.cat\/lic-cce\/wp-content\/uploads\/usu2122\/2021\/12\/descarrega-arxius-2.jpg 520w\" sizes=\"auto, (max-width: 123px) 100vw, 123px\" \/><\/a> \u00a0\u00a0 \u00a0\u00a0<a style=\"font-family: inherit; font-size: 1em;\" href=\"https:\/\/educacio.gencat.cat\/web\/.content\/home\/departament\/publicacions\/monografies\/promoure-interculturalitat\/promoure-interculturalitat.pdf\">Promoure la interculturalitat en els centres educatius<\/a><\/p>\n","protected":false},"excerpt":{"rendered":"<p>Durant el curs 2019-2020 es va crear un grup de treball integrat per t\u00e8cnics i t\u00e8cniques del Departament d&#8217;Educaci\u00f3 i assessors i assessores LIC. El grup ha dut a terme una guia d&#8217;interculturalitat on s&#8217;ofereix assessorament a professionals de l&#8217;educaci\u00f3 en un marc de reflexions enfocades al treball en els centres educatius que dona resposta [&hellip;]<\/p>\n","protected":false},"author":1,"featured_media":0,"comment_status":"open","ping_status":"closed","sticky":false,"template":"","format":"standard","meta":{"_bbp_topic_count":0,"_bbp_reply_count":0,"_bbp_total_topic_count":0,"_bbp_total_reply_count":0,"_bbp_voice_count":0,"_bbp_anonymous_reply_count":0,"_bbp_topic_count_hidden":0,"_bbp_reply_count_hidden":0,"_bbp_forum_subforum_count":0,"site-sidebar-layout":"default","site-content-layout":"","ast-site-content-layout":"","site-content-style":"default","site-sidebar-style":"default","ast-global-header-display":"","ast-banner-title-visibility":"","ast-main-header-display":"","ast-hfb-above-header-display":"","ast-hfb-below-header-display":"","ast-hfb-mobile-header-display":"","site-post-title":"","ast-breadcrumbs-content":"","ast-featured-img":"","footer-sml-layout":"","theme-transparent-header-meta":"","adv-header-id-meta":"","stick-header-meta":"","header-above-stick-meta":"","header-main-stick-meta":"","header-below-stick-meta":"","astra-migrate-meta-layouts":"default","ast-page-background-enabled":"default","ast-page-background-meta":{"desktop":{"background-color":"var(--ast-global-color-4)","background-image":"","background-repeat":"repeat","background-position":"center center","background-size":"auto","background-attachment":"scroll","background-type":"","background-media":"","overlay-type":"","overlay-color":"","overlay-opacity":"","overlay-gradient":""},"tablet":{"background-color":"","background-image":"","background-repeat":"repeat","background-position":"center center","background-size":"auto","background-attachment":"scroll","background-type":"","background-media":"","overlay-type":"","overlay-color":"","overlay-opacity":"","overlay-gradient":""},"mobile":{"background-color":"","background-image":"","background-repeat":"repeat","background-position":"center center","background-size":"auto","background-attachment":"scroll","background-type":"","background-media":"","overlay-type":"","overlay-color":"","overlay-opacity":"","overlay-gradient":""}},"ast-content-background-meta":{"desktop":{"background-color":"var(--ast-global-color-5)","background-image":"","background-repeat":"repeat","background-position":"center center","background-size":"auto","background-attachment":"scroll","background-type":"","background-media":"","overlay-type":"","overlay-color":"","overlay-opacity":"","overlay-gradient":""},"tablet":{"background-color":"var(--ast-global-color-5)","background-image":"","background-repeat":"repeat","background-position":"center center","background-size":"auto","background-attachment":"scroll","background-type":"","background-media":"","overlay-type":"","overlay-color":"","overlay-opacity":"","overlay-gradient":""},"mobile":{"background-color":"var(--ast-global-color-5)","background-image":"","background-repeat":"repeat","background-position":"center center","background-size":"auto","background-attachment":"scroll","background-type":"","background-media":"","overlay-type":"","overlay-color":"","overlay-opacity":"","overlay-gradient":""}},"footnotes":""},"categories":[306,29],"tags":[330,302],"class_list":["post-8762","post","type-post","status-publish","format-standard","hentry","category-interculturalitat","category-portada","tag-interculturalitat","tag-recursos"],"post_mailing_queue_ids":[],"_links":{"self":[{"href":"https:\/\/projectes.xtec.cat\/lic-cce\/wp-json\/wp\/v2\/posts\/8762","targetHints":{"allow":["GET"]}}],"collection":[{"href":"https:\/\/projectes.xtec.cat\/lic-cce\/wp-json\/wp\/v2\/posts"}],"about":[{"href":"https:\/\/projectes.xtec.cat\/lic-cce\/wp-json\/wp\/v2\/types\/post"}],"author":[{"embeddable":true,"href":"https:\/\/projectes.xtec.cat\/lic-cce\/wp-json\/wp\/v2\/users\/1"}],"replies":[{"embeddable":true,"href":"https:\/\/projectes.xtec.cat\/lic-cce\/wp-json\/wp\/v2\/comments?post=8762"}],"version-history":[{"count":2,"href":"https:\/\/projectes.xtec.cat\/lic-cce\/wp-json\/wp\/v2\/posts\/8762\/revisions"}],"predecessor-version":[{"id":8764,"href":"https:\/\/projectes.xtec.cat\/lic-cce\/wp-json\/wp\/v2\/posts\/8762\/revisions\/8764"}],"wp:attachment":[{"href":"https:\/\/projectes.xtec.cat\/lic-cce\/wp-json\/wp\/v2\/media?parent=8762"}],"wp:term":[{"taxonomy":"category","embeddable":true,"href":"https:\/\/projectes.xtec.cat\/lic-cce\/wp-json\/wp\/v2\/categories?post=8762"},{"taxonomy":"post_tag","embeddable":true,"href":"https:\/\/projectes.xtec.cat\/lic-cce\/wp-json\/wp\/v2\/tags?post=8762"}],"curies":[{"name":"wp","href":"https:\/\/api.w.org\/{rel}","templated":true}]}}