{"id":8786,"date":"2022-09-21T11:06:58","date_gmt":"2022-09-21T09:06:58","guid":{"rendered":"https:\/\/projectes.xtec.cat\/lic-cce\/?p=8786"},"modified":"2022-09-21T11:41:57","modified_gmt":"2022-09-21T09:41:57","slug":"recomanacions-per-a-lorganitzacio-dels-horaris-de-lalumnat-nouvingut","status":"publish","type":"post","link":"https:\/\/projectes.xtec.cat\/lic-cce\/portada\/recomanacions-per-a-lorganitzacio-dels-horaris-de-lalumnat-nouvingut\/","title":{"rendered":"Recomanacions per a l\u2019organitzaci\u00f3 dels horaris de l\u2019alumnat nouvingut"},"content":{"rendered":"<p>Per a dissenyar l\u2019horari escolar de l\u2019alumnat d\u2019origen estranger \u00e9s important tenir en compte alguns aspectes que ens poden orientar en la seva confecci\u00f3 i revisi\u00f3. Cal tenir en compte la dimensi\u00f3 hol\u00edstica en l\u2019aprenentatge de la llengua (en tots els contextos s\u2019apr\u00e8n una llengua, i tothom pot col\u00b7laborar-hi).<\/p>\n<p>Cal doncs, dissenyar\u00a0l\u2019<b>horari d\u2019atenci\u00f3 a l\u2019alumnat nouvingut<\/b> en funci\u00f3 de les necessitats tenint en compte qualsevol modificaci\u00f3 posterior (fruit d\u2019una reflexi\u00f3 pedag\u00f2gica de l\u2019equip docent). L&#8217;horari ha de possibilitar el proc\u00e9s d\u2019<b>adaptaci\u00f3 escolar<\/b>\u00a0i afavorir una millora en l\u2019<b>adquisici\u00f3 de la llengua i dels continguts curriculars<\/b>.<\/p>\n<p>El Servei de Suports i Recursos Ling\u00fc\u00edstics de Barcelona ha fet <a href=\"https:\/\/projectes.xtec.cat\/acollidasuport\/portada\/recomanacions-per-a-lorganitzacio-dels-horaris-de-lalumnat-nouvingut\/\">la publicaci\u00f3 d&#8217;aquestes recomanacions.<\/a><\/p>\n","protected":false},"excerpt":{"rendered":"<p>Per a dissenyar l\u2019horari escolar de l\u2019alumnat d\u2019origen estranger \u00e9s important tenir en compte alguns aspectes que ens poden orientar en la seva confecci\u00f3 i revisi\u00f3. Cal tenir en compte la dimensi\u00f3 hol\u00edstica en l\u2019aprenentatge de la llengua (en tots els contextos s\u2019apr\u00e8n una llengua, i tothom pot col\u00b7laborar-hi). Cal doncs, dissenyar\u00a0l\u2019horari d\u2019atenci\u00f3 a l\u2019alumnat [&hellip;]<\/p>\n","protected":false},"author":1,"featured_media":0,"comment_status":"open","ping_status":"closed","sticky":false,"template":"","format":"standard","meta":{"_bbp_topic_count":0,"_bbp_reply_count":0,"_bbp_total_topic_count":0,"_bbp_total_reply_count":0,"_bbp_voice_count":0,"_bbp_anonymous_reply_count":0,"_bbp_topic_count_hidden":0,"_bbp_reply_count_hidden":0,"_bbp_forum_subforum_count":0,"site-sidebar-layout":"default","site-content-layout":"","ast-site-content-layout":"","site-content-style":"default","site-sidebar-style":"default","ast-global-header-display":"","ast-banner-title-visibility":"","ast-main-header-display":"","ast-hfb-above-header-display":"","ast-hfb-below-header-display":"","ast-hfb-mobile-header-display":"","site-post-title":"","ast-breadcrumbs-content":"","ast-featured-img":"","footer-sml-layout":"","theme-transparent-header-meta":"","adv-header-id-meta":"","stick-header-meta":"","header-above-stick-meta":"","header-main-stick-meta":"","header-below-stick-meta":"","astra-migrate-meta-layouts":"default","ast-page-background-enabled":"default","ast-page-background-meta":{"desktop":{"background-color":"var(--ast-global-color-4)","background-image":"","background-repeat":"repeat","background-position":"center center","background-size":"auto","background-attachment":"scroll","background-type":"","background-media":"","overlay-type":"","overlay-color":"","overlay-opacity":"","overlay-gradient":""},"tablet":{"background-color":"","background-image":"","background-repeat":"repeat","background-position":"center center","background-size":"auto","background-attachment":"scroll","background-type":"","background-media":"","overlay-type":"","overlay-color":"","overlay-opacity":"","overlay-gradient":""},"mobile":{"background-color":"","background-image":"","background-repeat":"repeat","background-position":"center center","background-size":"auto","background-attachment":"scroll","background-type":"","background-media":"","overlay-type":"","overlay-color":"","overlay-opacity":"","overlay-gradient":""}},"ast-content-background-meta":{"desktop":{"background-color":"var(--ast-global-color-5)","background-image":"","background-repeat":"repeat","background-position":"center center","background-size":"auto","background-attachment":"scroll","background-type":"","background-media":"","overlay-type":"","overlay-color":"","overlay-opacity":"","overlay-gradient":""},"tablet":{"background-color":"var(--ast-global-color-5)","background-image":"","background-repeat":"repeat","background-position":"center center","background-size":"auto","background-attachment":"scroll","background-type":"","background-media":"","overlay-type":"","overlay-color":"","overlay-opacity":"","overlay-gradient":""},"mobile":{"background-color":"var(--ast-global-color-5)","background-image":"","background-repeat":"repeat","background-position":"center center","background-size":"auto","background-attachment":"scroll","background-type":"","background-media":"","overlay-type":"","overlay-color":"","overlay-opacity":"","overlay-gradient":""}},"footnotes":""},"categories":[303,29,76],"tags":[293,291],"class_list":["post-8786","post","type-post","status-publish","format-standard","hentry","category-alumnat-nouvingut","category-portada","category-recursos","tag-alumnat-nouvingut","tag-aula-dacollida"],"post_mailing_queue_ids":[],"_links":{"self":[{"href":"https:\/\/projectes.xtec.cat\/lic-cce\/wp-json\/wp\/v2\/posts\/8786","targetHints":{"allow":["GET"]}}],"collection":[{"href":"https:\/\/projectes.xtec.cat\/lic-cce\/wp-json\/wp\/v2\/posts"}],"about":[{"href":"https:\/\/projectes.xtec.cat\/lic-cce\/wp-json\/wp\/v2\/types\/post"}],"author":[{"embeddable":true,"href":"https:\/\/projectes.xtec.cat\/lic-cce\/wp-json\/wp\/v2\/users\/1"}],"replies":[{"embeddable":true,"href":"https:\/\/projectes.xtec.cat\/lic-cce\/wp-json\/wp\/v2\/comments?post=8786"}],"version-history":[{"count":2,"href":"https:\/\/projectes.xtec.cat\/lic-cce\/wp-json\/wp\/v2\/posts\/8786\/revisions"}],"predecessor-version":[{"id":8788,"href":"https:\/\/projectes.xtec.cat\/lic-cce\/wp-json\/wp\/v2\/posts\/8786\/revisions\/8788"}],"wp:attachment":[{"href":"https:\/\/projectes.xtec.cat\/lic-cce\/wp-json\/wp\/v2\/media?parent=8786"}],"wp:term":[{"taxonomy":"category","embeddable":true,"href":"https:\/\/projectes.xtec.cat\/lic-cce\/wp-json\/wp\/v2\/categories?post=8786"},{"taxonomy":"post_tag","embeddable":true,"href":"https:\/\/projectes.xtec.cat\/lic-cce\/wp-json\/wp\/v2\/tags?post=8786"}],"curies":[{"name":"wp","href":"https:\/\/api.w.org\/{rel}","templated":true}]}}