{"id":8829,"date":"2022-10-19T14:44:44","date_gmt":"2022-10-19T12:44:44","guid":{"rendered":"https:\/\/projectes.xtec.cat\/lic-cce\/?p=8829"},"modified":"2022-10-19T14:44:44","modified_gmt":"2022-10-19T12:44:44","slug":"presentacio-de-la-19a-mostra-de-cinema-espiritual-de-catalunya","status":"publish","type":"post","link":"https:\/\/projectes.xtec.cat\/lic-cce\/portada\/presentacio-de-la-19a-mostra-de-cinema-espiritual-de-catalunya\/","title":{"rendered":"Presentaci\u00f3 de la 19a mostra de cinema espiritual de Catalunya"},"content":{"rendered":"<p style=\"text-align: justify;\">Per a donar a con\u00e8ixer l&#8217;Espai Educatiu de la Mostra de Cinema Espiritual, la Direcci\u00f3 General d&#8217;Afers Religiosos, amb la col\u00b7laboraci\u00f3 de <a href=\"https:\/\/lale.cat\/\">Lal\u00e8<\/a>,\u00a0 ha organitzat una taula rodona titulada:<\/p>\n<p style=\"text-align: justify;\"><a style=\"color: #2795b6;\" href=\"https:\/\/projectes.xtec.cat\/lic-cce\/wp-content\/uploads\/usu2122\/2022\/10\/cartell-mostra-logoJUS.png_619199275.png\"><img loading=\"lazy\" decoding=\"async\" class=\" wp-image-8832 alignright\" src=\"https:\/\/projectes.xtec.cat\/lic-cce\/wp-content\/uploads\/usu2122\/2022\/10\/cartell-mostra-logoJUS.png_619199275-274x300.png\" alt=\"\" width=\"350\" height=\"383\" srcset=\"https:\/\/projectes.xtec.cat\/lic-cce\/wp-content\/uploads\/usu2122\/2022\/10\/cartell-mostra-logoJUS.png_619199275-274x300.png 274w, https:\/\/projectes.xtec.cat\/lic-cce\/wp-content\/uploads\/usu2122\/2022\/10\/cartell-mostra-logoJUS.png_619199275.png 596w\" sizes=\"auto, (max-width: 350px) 100vw, 350px\" \/><\/a><\/p>\n<p style=\"text-align: justify;\">&#8220;<b>CINEMA, EDUCACI\u00d3 I CONSTRUCCI\u00d3 DE LA IDENTITAT&#8221; <\/b><\/p>\n<p style=\"text-align: justify;\"><b>Treballem la diversitat cultural i de creences a l\u2019aula,\u00a0<\/b><\/p>\n<p style=\"text-align: justify;\">La Mostra de Cinema Espiritual de Catalunya \u00e9s un certamen cinematogr\u00e0fic anual que t\u00e9 com a objectius posar en valor l\u2019<strong>espiritualitat<\/strong>\u00a0a trav\u00e9s del cinema, fer visibles les diferents manifestacions\u00a0<strong>religioses<\/strong>\u00a0i contribuir al\u00a0<strong>di\u00e0leg interreligi\u00f3s<\/strong>\u00a0i la\u00a0<strong>cohesi\u00f3 social\u00a0<\/strong>(objectius afins als de la DGAR). Altres objectius de la Mostra s\u00f3n\u00a0<strong>educar\u00a0<\/strong>a trav\u00e9s del cinema i contribuir a la\u00a0<strong>reinserci\u00f3 social\u00a0<\/strong>de persones internes en centres penitenciaris i centres educatius de just\u00edcia juvenil.<\/p>\n<p style=\"text-align: justify;\">La Taula rodona es realitzar\u00e0 el proper dia 10 de novembre de 2022, a les 19 h, a l&#8217; Hospital de Campanya de la parr\u00f2quia de Santa Anna de Barcelona. (C. Santa Anna, 29).<\/p>\n<p style=\"text-align: justify;\"><a href=\"https:\/\/projectes.xtec.cat\/lic-cce\/wp-content\/uploads\/usu2122\/2022\/10\/descarrega-arxius.jpg\"><img loading=\"lazy\" decoding=\"async\" class=\"alignnone wp-image-8819\" src=\"https:\/\/projectes.xtec.cat\/lic-cce\/wp-content\/uploads\/usu2122\/2022\/10\/descarrega-arxius-300x208.jpg\" alt=\"\" width=\"105\" height=\"73\" srcset=\"https:\/\/projectes.xtec.cat\/lic-cce\/wp-content\/uploads\/usu2122\/2022\/10\/descarrega-arxius-300x208.jpg 300w, https:\/\/projectes.xtec.cat\/lic-cce\/wp-content\/uploads\/usu2122\/2022\/10\/descarrega-arxius.jpg 520w\" sizes=\"auto, (max-width: 105px) 100vw, 105px\" \/>\u00a0<\/a><\/p>\n<p><a href=\"https:\/\/projectes.xtec.cat\/lic-cce\/wp-content\/uploads\/usu2122\/2022\/10\/Cinema-educacio\u0301-i-construccio\u0301-de-la-identitat.pdf\">Cinema, educacio\u0301 i construccio\u0301 de la identitat<\/a><\/p>\n<p>&nbsp;<\/p>\n<p>&nbsp;<\/p>\n<p>&nbsp;<\/p>\n<p>&nbsp;<\/p>\n","protected":false},"excerpt":{"rendered":"<p>Per a donar a con\u00e8ixer l&#8217;Espai Educatiu de la Mostra de Cinema Espiritual, la Direcci\u00f3 General d&#8217;Afers Religiosos, amb la col\u00b7laboraci\u00f3 de Lal\u00e8,\u00a0 ha organitzat una taula rodona titulada: &#8220;CINEMA, EDUCACI\u00d3 I CONSTRUCCI\u00d3 DE LA IDENTITAT&#8221; Treballem la diversitat cultural i de creences a l\u2019aula,\u00a0 La Mostra de Cinema Espiritual de Catalunya \u00e9s un certamen [&hellip;]<\/p>\n","protected":false},"author":1,"featured_media":0,"comment_status":"open","ping_status":"closed","sticky":false,"template":"","format":"standard","meta":{"_bbp_topic_count":0,"_bbp_reply_count":0,"_bbp_total_topic_count":0,"_bbp_total_reply_count":0,"_bbp_voice_count":0,"_bbp_anonymous_reply_count":0,"_bbp_topic_count_hidden":0,"_bbp_reply_count_hidden":0,"_bbp_forum_subforum_count":0,"site-sidebar-layout":"default","site-content-layout":"","ast-site-content-layout":"","site-content-style":"default","site-sidebar-style":"default","ast-global-header-display":"","ast-banner-title-visibility":"","ast-main-header-display":"","ast-hfb-above-header-display":"","ast-hfb-below-header-display":"","ast-hfb-mobile-header-display":"","site-post-title":"","ast-breadcrumbs-content":"","ast-featured-img":"","footer-sml-layout":"","theme-transparent-header-meta":"","adv-header-id-meta":"","stick-header-meta":"","header-above-stick-meta":"","header-main-stick-meta":"","header-below-stick-meta":"","astra-migrate-meta-layouts":"default","ast-page-background-enabled":"default","ast-page-background-meta":{"desktop":{"background-color":"var(--ast-global-color-4)","background-image":"","background-repeat":"repeat","background-position":"center center","background-size":"auto","background-attachment":"scroll","background-type":"","background-media":"","overlay-type":"","overlay-color":"","overlay-opacity":"","overlay-gradient":""},"tablet":{"background-color":"","background-image":"","background-repeat":"repeat","background-position":"center center","background-size":"auto","background-attachment":"scroll","background-type":"","background-media":"","overlay-type":"","overlay-color":"","overlay-opacity":"","overlay-gradient":""},"mobile":{"background-color":"","background-image":"","background-repeat":"repeat","background-position":"center center","background-size":"auto","background-attachment":"scroll","background-type":"","background-media":"","overlay-type":"","overlay-color":"","overlay-opacity":"","overlay-gradient":""}},"ast-content-background-meta":{"desktop":{"background-color":"var(--ast-global-color-5)","background-image":"","background-repeat":"repeat","background-position":"center center","background-size":"auto","background-attachment":"scroll","background-type":"","background-media":"","overlay-type":"","overlay-color":"","overlay-opacity":"","overlay-gradient":""},"tablet":{"background-color":"var(--ast-global-color-5)","background-image":"","background-repeat":"repeat","background-position":"center center","background-size":"auto","background-attachment":"scroll","background-type":"","background-media":"","overlay-type":"","overlay-color":"","overlay-opacity":"","overlay-gradient":""},"mobile":{"background-color":"var(--ast-global-color-5)","background-image":"","background-repeat":"repeat","background-position":"center center","background-size":"auto","background-attachment":"scroll","background-type":"","background-media":"","overlay-type":"","overlay-color":"","overlay-opacity":"","overlay-gradient":""}},"footnotes":""},"categories":[307,306,29],"tags":[293,287,330],"class_list":["post-8829","post","type-post","status-publish","format-standard","hentry","category-cohesio-social","category-interculturalitat","category-portada","tag-alumnat-nouvingut","tag-desenvolupament-personal","tag-interculturalitat"],"post_mailing_queue_ids":[],"_links":{"self":[{"href":"https:\/\/projectes.xtec.cat\/lic-cce\/wp-json\/wp\/v2\/posts\/8829","targetHints":{"allow":["GET"]}}],"collection":[{"href":"https:\/\/projectes.xtec.cat\/lic-cce\/wp-json\/wp\/v2\/posts"}],"about":[{"href":"https:\/\/projectes.xtec.cat\/lic-cce\/wp-json\/wp\/v2\/types\/post"}],"author":[{"embeddable":true,"href":"https:\/\/projectes.xtec.cat\/lic-cce\/wp-json\/wp\/v2\/users\/1"}],"replies":[{"embeddable":true,"href":"https:\/\/projectes.xtec.cat\/lic-cce\/wp-json\/wp\/v2\/comments?post=8829"}],"version-history":[{"count":3,"href":"https:\/\/projectes.xtec.cat\/lic-cce\/wp-json\/wp\/v2\/posts\/8829\/revisions"}],"predecessor-version":[{"id":8835,"href":"https:\/\/projectes.xtec.cat\/lic-cce\/wp-json\/wp\/v2\/posts\/8829\/revisions\/8835"}],"wp:attachment":[{"href":"https:\/\/projectes.xtec.cat\/lic-cce\/wp-json\/wp\/v2\/media?parent=8829"}],"wp:term":[{"taxonomy":"category","embeddable":true,"href":"https:\/\/projectes.xtec.cat\/lic-cce\/wp-json\/wp\/v2\/categories?post=8829"},{"taxonomy":"post_tag","embeddable":true,"href":"https:\/\/projectes.xtec.cat\/lic-cce\/wp-json\/wp\/v2\/tags?post=8829"}],"curies":[{"name":"wp","href":"https:\/\/api.w.org\/{rel}","templated":true}]}}