{"id":8838,"date":"2022-10-20T09:43:22","date_gmt":"2022-10-20T07:43:22","guid":{"rendered":"https:\/\/projectes.xtec.cat\/lic-cce\/?p=8838"},"modified":"2022-10-20T09:43:22","modified_gmt":"2022-10-20T07:43:22","slug":"premi-filcat-ub-2023","status":"publish","type":"post","link":"https:\/\/projectes.xtec.cat\/lic-cce\/portada\/premi-filcat-ub-2023\/","title":{"rendered":"Premi FilCat.UB 2023"},"content":{"rendered":"<p>L\u2019\u00e0rea de Filologia Catalana del Departament de Filologia Catalana i Ling\u00fc\u00edstica General de la Universitat de Barcelona convoca el 8\u00e8 premi FilCat.UB (2023) amb l\u2019objectiu de promoure els treballs de recerca de batxillerat sobre qualsevol aspecte de la llengua i la literatura catalanes, despertar vocacions per a l\u2019estudi de la Filologia Catalana i incentivar la tasca educativa dels centres de batxillerat.<\/p>\n<p>El premi s&#8217;adre\u00e7a als estudiants de segon curs de batxillerat de tots els centres educatius de les\u00a0terres de llengua catalana, i t\u00e9 dues modalitats:<\/p>\n<ul>\n<li>Treballs de recerca de batxillerat sobre llengua catalana.<\/li>\n<li>Treballs de recerca de batxillerat sobre literatura catalana.<\/li>\n<\/ul>\n<p>Per poder optar al premi cal presentar una\u00a0<strong>sol\u00b7licitud de participaci\u00f3.<\/strong><\/p>\n<p>El termini de presentaci\u00f3 dels treballs \u00e9s fins el 31 de mar\u00e7 del 2023.<\/p>\n<p><a href=\"https:\/\/projectes.xtec.cat\/lic-cce\/wp-content\/uploads\/usu2122\/2022\/10\/descarrega-arxius-1.jpg\"><img loading=\"lazy\" decoding=\"async\" class=\"alignnone  wp-image-8820\" src=\"https:\/\/projectes.xtec.cat\/lic-cce\/wp-content\/uploads\/usu2122\/2022\/10\/descarrega-arxius-1-300x208.jpg\" alt=\"\" width=\"72\" height=\"50\" srcset=\"https:\/\/projectes.xtec.cat\/lic-cce\/wp-content\/uploads\/usu2122\/2022\/10\/descarrega-arxius-1-300x208.jpg 300w, https:\/\/projectes.xtec.cat\/lic-cce\/wp-content\/uploads\/usu2122\/2022\/10\/descarrega-arxius-1.jpg 520w\" sizes=\"auto, (max-width: 72px) 100vw, 72px\" \/><\/a><\/p>\n<p>\u25ba\u00a0<a href=\"https:\/\/filcat.ub.edu\/sites\/default\/files\/webfm\/bases-8-premi-filcat-ub.pdf\"><strong>Bases de la 8a edici\u00f3 del Premi Filcat.UB (2023)<\/strong><\/a><\/p>\n<p>\u25ba\u00a0<strong><a href=\"https:\/\/filcat.ub.edu\/sites\/default\/files\/webfm\/cartell_ubpremi_2022_01.pdf\">Cartell<\/a><\/strong><\/p>\n<p>\u25ba\u00a0<a href=\"https:\/\/filcat.ub.edu\/sites\/default\/files\/webfm\/ub_premi_filcat_diptic_2022.pdf\"><strong>D\u00edptic<\/strong><\/a><\/p>\n","protected":false},"excerpt":{"rendered":"<p>L\u2019\u00e0rea de Filologia Catalana del Departament de Filologia Catalana i Ling\u00fc\u00edstica General de la Universitat de Barcelona convoca el 8\u00e8 premi FilCat.UB (2023) amb l\u2019objectiu de promoure els treballs de recerca de batxillerat sobre qualsevol aspecte de la llengua i la literatura catalanes, despertar vocacions per a l\u2019estudi de la Filologia Catalana i incentivar la [&hellip;]<\/p>\n","protected":false},"author":1,"featured_media":0,"comment_status":"open","ping_status":"closed","sticky":false,"template":"","format":"standard","meta":{"_bbp_topic_count":0,"_bbp_reply_count":0,"_bbp_total_topic_count":0,"_bbp_total_reply_count":0,"_bbp_voice_count":0,"_bbp_anonymous_reply_count":0,"_bbp_topic_count_hidden":0,"_bbp_reply_count_hidden":0,"_bbp_forum_subforum_count":0,"site-sidebar-layout":"default","site-content-layout":"","ast-site-content-layout":"","site-content-style":"default","site-sidebar-style":"default","ast-global-header-display":"","ast-banner-title-visibility":"","ast-main-header-display":"","ast-hfb-above-header-display":"","ast-hfb-below-header-display":"","ast-hfb-mobile-header-display":"","site-post-title":"","ast-breadcrumbs-content":"","ast-featured-img":"","footer-sml-layout":"","theme-transparent-header-meta":"","adv-header-id-meta":"","stick-header-meta":"","header-above-stick-meta":"","header-main-stick-meta":"","header-below-stick-meta":"","astra-migrate-meta-layouts":"default","ast-page-background-enabled":"default","ast-page-background-meta":{"desktop":{"background-color":"var(--ast-global-color-4)","background-image":"","background-repeat":"repeat","background-position":"center center","background-size":"auto","background-attachment":"scroll","background-type":"","background-media":"","overlay-type":"","overlay-color":"","overlay-opacity":"","overlay-gradient":""},"tablet":{"background-color":"","background-image":"","background-repeat":"repeat","background-position":"center center","background-size":"auto","background-attachment":"scroll","background-type":"","background-media":"","overlay-type":"","overlay-color":"","overlay-opacity":"","overlay-gradient":""},"mobile":{"background-color":"","background-image":"","background-repeat":"repeat","background-position":"center center","background-size":"auto","background-attachment":"scroll","background-type":"","background-media":"","overlay-type":"","overlay-color":"","overlay-opacity":"","overlay-gradient":""}},"ast-content-background-meta":{"desktop":{"background-color":"var(--ast-global-color-5)","background-image":"","background-repeat":"repeat","background-position":"center center","background-size":"auto","background-attachment":"scroll","background-type":"","background-media":"","overlay-type":"","overlay-color":"","overlay-opacity":"","overlay-gradient":""},"tablet":{"background-color":"var(--ast-global-color-5)","background-image":"","background-repeat":"repeat","background-position":"center center","background-size":"auto","background-attachment":"scroll","background-type":"","background-media":"","overlay-type":"","overlay-color":"","overlay-opacity":"","overlay-gradient":""},"mobile":{"background-color":"var(--ast-global-color-5)","background-image":"","background-repeat":"repeat","background-position":"center center","background-size":"auto","background-attachment":"scroll","background-type":"","background-media":"","overlay-type":"","overlay-color":"","overlay-opacity":"","overlay-gradient":""}},"footnotes":""},"categories":[305,29],"tags":[297],"class_list":["post-8838","post","type-post","status-publish","format-standard","hentry","category-llengua","category-portada","tag-lectura"],"post_mailing_queue_ids":[],"_links":{"self":[{"href":"https:\/\/projectes.xtec.cat\/lic-cce\/wp-json\/wp\/v2\/posts\/8838","targetHints":{"allow":["GET"]}}],"collection":[{"href":"https:\/\/projectes.xtec.cat\/lic-cce\/wp-json\/wp\/v2\/posts"}],"about":[{"href":"https:\/\/projectes.xtec.cat\/lic-cce\/wp-json\/wp\/v2\/types\/post"}],"author":[{"embeddable":true,"href":"https:\/\/projectes.xtec.cat\/lic-cce\/wp-json\/wp\/v2\/users\/1"}],"replies":[{"embeddable":true,"href":"https:\/\/projectes.xtec.cat\/lic-cce\/wp-json\/wp\/v2\/comments?post=8838"}],"version-history":[{"count":1,"href":"https:\/\/projectes.xtec.cat\/lic-cce\/wp-json\/wp\/v2\/posts\/8838\/revisions"}],"predecessor-version":[{"id":8839,"href":"https:\/\/projectes.xtec.cat\/lic-cce\/wp-json\/wp\/v2\/posts\/8838\/revisions\/8839"}],"wp:attachment":[{"href":"https:\/\/projectes.xtec.cat\/lic-cce\/wp-json\/wp\/v2\/media?parent=8838"}],"wp:term":[{"taxonomy":"category","embeddable":true,"href":"https:\/\/projectes.xtec.cat\/lic-cce\/wp-json\/wp\/v2\/categories?post=8838"},{"taxonomy":"post_tag","embeddable":true,"href":"https:\/\/projectes.xtec.cat\/lic-cce\/wp-json\/wp\/v2\/tags?post=8838"}],"curies":[{"name":"wp","href":"https:\/\/api.w.org\/{rel}","templated":true}]}}