{"id":8868,"date":"2022-12-14T10:11:42","date_gmt":"2022-12-14T09:11:42","guid":{"rendered":"https:\/\/projectes.xtec.cat\/lic-cce\/?p=8868"},"modified":"2022-12-14T10:11:42","modified_gmt":"2022-12-14T09:11:42","slug":"els-informes-davaluacio-trimestral-de-lalumnat-nouvingut","status":"publish","type":"post","link":"https:\/\/projectes.xtec.cat\/lic-cce\/portada\/els-informes-davaluacio-trimestral-de-lalumnat-nouvingut\/","title":{"rendered":"Els informes d\u2019avaluaci\u00f3 trimestral de l\u2019alumnat nouvingut"},"content":{"rendered":"<p>El Servei de Suports i Recursos Ling\u00fc\u00edstics del Departament d&#8217;Educaci\u00f3, ha publicat aquest interessant article sobre els informes d&#8217;avaluaci\u00f3 trimestral per a l&#8217;alumnat nouvingut.<\/p>\n<p>En l&#8217;article ens parla de l\u2019informe d\u2019avaluaci\u00f3 de\u00a0<strong>naturalesa qualitativa<\/strong>, de la reflexi\u00f3 dels resultats obtinguts en el <strong>proc\u00e9s d\u2019aprenentatge<\/strong>\u00a0de l\u2019alumne o alumna, aix\u00ed com els\u00a0<strong>aspectes acad\u00e8mics<\/strong>,\u00a0<strong>personals<\/strong>\u00a0i\u00a0<strong>evolutius<\/strong>\u00a0que es considerin oportuns i, si escau, les\u00a0<strong>mesures i suports d\u2019atenci\u00f3 educativa<\/strong>\u00a0que s\u2019hagin adoptat o que s\u2019hagin previst.<\/p>\n<p>Tamb\u00e9 de l&#8217;oportunitat que aquesta avaluaci\u00f3 ens dona per establir comunicaci\u00f3 amb les fam\u00edlies, i ens ofereix alguns suports visuals per a facilitar la comprensi\u00f3.<\/p>\n<p><a href=\"https:\/\/projectes.xtec.cat\/acollidasuport\/portada\/els-informes-davaluacio-trimestral-de-lalumnat-nouvingut\/\">Article\u00a0<\/a><\/p>\n","protected":false},"excerpt":{"rendered":"<p>El Servei de Suports i Recursos Ling\u00fc\u00edstics del Departament d&#8217;Educaci\u00f3, ha publicat aquest interessant article sobre els informes d&#8217;avaluaci\u00f3 trimestral per a l&#8217;alumnat nouvingut. En l&#8217;article ens parla de l\u2019informe d\u2019avaluaci\u00f3 de\u00a0naturalesa qualitativa, de la reflexi\u00f3 dels resultats obtinguts en el proc\u00e9s d\u2019aprenentatge\u00a0de l\u2019alumne o alumna, aix\u00ed com els\u00a0aspectes acad\u00e8mics,\u00a0personals\u00a0i\u00a0evolutius\u00a0que es considerin oportuns i, si [&hellip;]<\/p>\n","protected":false},"author":1,"featured_media":0,"comment_status":"open","ping_status":"closed","sticky":false,"template":"","format":"standard","meta":{"_bbp_topic_count":0,"_bbp_reply_count":0,"_bbp_total_topic_count":0,"_bbp_total_reply_count":0,"_bbp_voice_count":0,"_bbp_anonymous_reply_count":0,"_bbp_topic_count_hidden":0,"_bbp_reply_count_hidden":0,"_bbp_forum_subforum_count":0,"site-sidebar-layout":"default","site-content-layout":"","ast-site-content-layout":"","site-content-style":"default","site-sidebar-style":"default","ast-global-header-display":"","ast-banner-title-visibility":"","ast-main-header-display":"","ast-hfb-above-header-display":"","ast-hfb-below-header-display":"","ast-hfb-mobile-header-display":"","site-post-title":"","ast-breadcrumbs-content":"","ast-featured-img":"","footer-sml-layout":"","theme-transparent-header-meta":"","adv-header-id-meta":"","stick-header-meta":"","header-above-stick-meta":"","header-main-stick-meta":"","header-below-stick-meta":"","astra-migrate-meta-layouts":"default","ast-page-background-enabled":"default","ast-page-background-meta":{"desktop":{"background-color":"var(--ast-global-color-4)","background-image":"","background-repeat":"repeat","background-position":"center center","background-size":"auto","background-attachment":"scroll","background-type":"","background-media":"","overlay-type":"","overlay-color":"","overlay-opacity":"","overlay-gradient":""},"tablet":{"background-color":"","background-image":"","background-repeat":"repeat","background-position":"center center","background-size":"auto","background-attachment":"scroll","background-type":"","background-media":"","overlay-type":"","overlay-color":"","overlay-opacity":"","overlay-gradient":""},"mobile":{"background-color":"","background-image":"","background-repeat":"repeat","background-position":"center center","background-size":"auto","background-attachment":"scroll","background-type":"","background-media":"","overlay-type":"","overlay-color":"","overlay-opacity":"","overlay-gradient":""}},"ast-content-background-meta":{"desktop":{"background-color":"var(--ast-global-color-5)","background-image":"","background-repeat":"repeat","background-position":"center center","background-size":"auto","background-attachment":"scroll","background-type":"","background-media":"","overlay-type":"","overlay-color":"","overlay-opacity":"","overlay-gradient":""},"tablet":{"background-color":"var(--ast-global-color-5)","background-image":"","background-repeat":"repeat","background-position":"center center","background-size":"auto","background-attachment":"scroll","background-type":"","background-media":"","overlay-type":"","overlay-color":"","overlay-opacity":"","overlay-gradient":""},"mobile":{"background-color":"var(--ast-global-color-5)","background-image":"","background-repeat":"repeat","background-position":"center center","background-size":"auto","background-attachment":"scroll","background-type":"","background-media":"","overlay-type":"","overlay-color":"","overlay-opacity":"","overlay-gradient":""}},"footnotes":""},"categories":[29],"tags":[293,290,291],"class_list":["post-8868","post","type-post","status-publish","format-standard","hentry","category-portada","tag-alumnat-nouvingut","tag-aprendre-catala-l2","tag-aula-dacollida"],"post_mailing_queue_ids":[],"_links":{"self":[{"href":"https:\/\/projectes.xtec.cat\/lic-cce\/wp-json\/wp\/v2\/posts\/8868","targetHints":{"allow":["GET"]}}],"collection":[{"href":"https:\/\/projectes.xtec.cat\/lic-cce\/wp-json\/wp\/v2\/posts"}],"about":[{"href":"https:\/\/projectes.xtec.cat\/lic-cce\/wp-json\/wp\/v2\/types\/post"}],"author":[{"embeddable":true,"href":"https:\/\/projectes.xtec.cat\/lic-cce\/wp-json\/wp\/v2\/users\/1"}],"replies":[{"embeddable":true,"href":"https:\/\/projectes.xtec.cat\/lic-cce\/wp-json\/wp\/v2\/comments?post=8868"}],"version-history":[{"count":1,"href":"https:\/\/projectes.xtec.cat\/lic-cce\/wp-json\/wp\/v2\/posts\/8868\/revisions"}],"predecessor-version":[{"id":8869,"href":"https:\/\/projectes.xtec.cat\/lic-cce\/wp-json\/wp\/v2\/posts\/8868\/revisions\/8869"}],"wp:attachment":[{"href":"https:\/\/projectes.xtec.cat\/lic-cce\/wp-json\/wp\/v2\/media?parent=8868"}],"wp:term":[{"taxonomy":"category","embeddable":true,"href":"https:\/\/projectes.xtec.cat\/lic-cce\/wp-json\/wp\/v2\/categories?post=8868"},{"taxonomy":"post_tag","embeddable":true,"href":"https:\/\/projectes.xtec.cat\/lic-cce\/wp-json\/wp\/v2\/tags?post=8868"}],"curies":[{"name":"wp","href":"https:\/\/api.w.org\/{rel}","templated":true}]}}