{"id":8870,"date":"2022-12-16T10:38:57","date_gmt":"2022-12-16T09:38:57","guid":{"rendered":"https:\/\/projectes.xtec.cat\/lic-cce\/?p=8870"},"modified":"2022-12-16T10:38:57","modified_gmt":"2022-12-16T09:38:57","slug":"iii-concurs-jo-tinc-la-paraula","status":"publish","type":"post","link":"https:\/\/projectes.xtec.cat\/lic-cce\/portada\/iii-concurs-jo-tinc-la-paraula\/","title":{"rendered":"III Concurs Jo tinc la paraula"},"content":{"rendered":"<p dir=\"ltr\">Us recordem que ja s\u2019ha obert el termini per participar en el <a href=\"https:\/\/xtec.gencat.cat\/ca\/centres\/premis-i-concursos\/concurs-jo-tinc-la-paraula\/\" target=\"_blank\" rel=\"noopener noreferrer\" data-saferedirecturl=\"https:\/\/www.google.com\/url?q=https:\/\/xtec.gencat.cat\/ca\/centres\/premis-i-concursos\/concurs-jo-tinc-la-paraula\/&amp;source=gmail&amp;ust=1671185262880000&amp;usg=AOvVaw1vrC7qRv3g_QqfIRBug8Sz\">III Concurs Jo tinc la paraul<\/a>a. Encara teniu temps d\u2019inscriure-us-hi i lliurar els v\u00eddeos fins el proper \u00a017 de febrer de 2023. Trobareu el full d\u2019inscripci\u00f3 a la p\u00e0gina web d\u2019xtec, dins de l\u2019apartat \u201cLliurament de v\u00eddeos\u201d.<\/p>\n<p dir=\"ltr\">Per participar al concurs s\u2019ha de triar un dels cinc tutorials de la campanya publicit\u00e0ria &#8220;Tenim la paraula&#8221;, que es poden veure als <a href=\"https:\/\/www.youtube.com\/watch?v=9Izne1GuePE&amp;list=PLNfGkP4uiNpYwD5-BioPJkXGDOuYDSyt-\" target=\"_blank\" rel=\"noopener noreferrer\" data-saferedirecturl=\"https:\/\/www.google.com\/url?q=https:\/\/www.youtube.com\/watch?v%3D9Izne1GuePE%26list%3DPLNfGkP4uiNpYwD5-BioPJkXGDOuYDSyt-&amp;source=gmail&amp;ust=1671185262880000&amp;usg=AOvVaw1w_y_TIeYneVifKt3TOIVm\">canals de la plataforma YouTube<\/a> del programa.\u00a0 S\u2019estableixen quatre categories (A, B, C i D), corresponents a nivells educatius diferents o a moments diferents pel que fa a l\u2019aprenentatge de la llengua.<\/p>\n<p dir=\"ltr\">L\u2019objectiu principal \u00e9s provocar la reflexi\u00f3 per part de l\u2019alumnat de secund\u00e0ria i batxillerat sobre els components que fan que la comunicaci\u00f3 oral sigui efica\u00e7. Amb l\u2019enregistrament d\u2019un v\u00eddeo, a la manera d\u2019un youtuber, podran expressar-se i comunicar les seves idees, opinions, dubtes, experi\u00e8ncies, etc.<\/p>\n<p dir=\"ltr\">Adjunts en aquest correu electr\u00f2nic trobareu tres arxius. Es tracta de tres p\u00f2sters que recullen la informaci\u00f3 essencial sobre l\u2019edici\u00f3 del concurs d\u2019enguany de forma m\u00e9s visual:\u00a0 un per al professorat i un per a<b> <\/b>l\u2019alumnat amb enlla\u00e7os actius i una tercera versi\u00f3 per imprimir\u00a0i penjar a l\u2019aula.<\/p>\n<p dir=\"ltr\">Al <a href=\"https:\/\/www.youtube.com\/channel\/UCi54GZKZn3evP4dHenUgakQ\/playlists\" target=\"_blank\" rel=\"noopener noreferrer\" data-saferedirecturl=\"https:\/\/www.google.com\/url?q=https:\/\/www.youtube.com\/channel\/UCi54GZKZn3evP4dHenUgakQ\/playlists&amp;source=gmail&amp;ust=1671185262880000&amp;usg=AOvVaw2IDA5XvjNP9EBDOv8UYL47\">canal de youtube del programa<\/a> hi trobareu tots els tutorials i els v\u00eddeos que s\u2019han presentat en les dues edicions anteriors i que us poden servir com a model d\u2019inspiraci\u00f3. A <a href=\"https:\/\/www.instagram.com\/jotinclaparaula\/\" target=\"_blank\" rel=\"noopener noreferrer\" data-saferedirecturl=\"https:\/\/www.google.com\/url?q=https:\/\/www.instagram.com\/jotinclaparaula\/&amp;source=gmail&amp;ust=1671185262880000&amp;usg=AOvVaw0VKImiQ4yN548rMzG2MbJ5\">Instagram<\/a>\u00a0hi ha les bases i totes les not\u00edcies i novetats del concurs.<\/p>\n<p dir=\"ltr\">Aquest concurs \u00e9s una de les actuacions previstes pel Departament d\u2019Educaci\u00f3 que, en el context\u00a0 del <a href=\"http:\/\/xtec.gencat.cat\/ca\/projectes\/llengua-oral\/tenim-la-paraula\/\" target=\"_blank\" rel=\"noopener noreferrer\" data-saferedirecturl=\"https:\/\/www.google.com\/url?q=http:\/\/xtec.gencat.cat\/ca\/projectes\/llengua-oral\/tenim-la-paraula\/&amp;source=gmail&amp;ust=1671185262880000&amp;usg=AOvVaw2e83TCoq9OU85X4DWkX2gv\">programa Tenim la paraula<\/a>, per impulsar l\u2019\u00fas i la millora de la comunicaci\u00f3 oral entre l\u2019alumnat de secund\u00e0ria i batxillerat tant a l\u2019aula com en altres contextos d\u2019interacci\u00f3.<\/p>\n<p dir=\"ltr\">Esperem que aquesta informaci\u00f3, aix\u00ed com les propostes i els tutorials us resultin \u00fatils en la vostra tasca docent, i s&#8217;animi a l\u2019alumnat a participar en aquesta edici\u00f3 del concurs.<\/p>\n","protected":false},"excerpt":{"rendered":"<p>Us recordem que ja s\u2019ha obert el termini per participar en el III Concurs Jo tinc la paraula. Encara teniu temps d\u2019inscriure-us-hi i lliurar els v\u00eddeos fins el proper \u00a017 de febrer de 2023. Trobareu el full d\u2019inscripci\u00f3 a la p\u00e0gina web d\u2019xtec, dins de l\u2019apartat \u201cLliurament de v\u00eddeos\u201d. Per participar al concurs s\u2019ha de [&hellip;]<\/p>\n","protected":false},"author":1,"featured_media":0,"comment_status":"open","ping_status":"closed","sticky":false,"template":"","format":"standard","meta":{"_bbp_topic_count":0,"_bbp_reply_count":0,"_bbp_total_topic_count":0,"_bbp_total_reply_count":0,"_bbp_voice_count":0,"_bbp_anonymous_reply_count":0,"_bbp_topic_count_hidden":0,"_bbp_reply_count_hidden":0,"_bbp_forum_subforum_count":0,"site-sidebar-layout":"default","site-content-layout":"","ast-site-content-layout":"","site-content-style":"default","site-sidebar-style":"default","ast-global-header-display":"","ast-banner-title-visibility":"","ast-main-header-display":"","ast-hfb-above-header-display":"","ast-hfb-below-header-display":"","ast-hfb-mobile-header-display":"","site-post-title":"","ast-breadcrumbs-content":"","ast-featured-img":"","footer-sml-layout":"","theme-transparent-header-meta":"","adv-header-id-meta":"","stick-header-meta":"","header-above-stick-meta":"","header-main-stick-meta":"","header-below-stick-meta":"","astra-migrate-meta-layouts":"default","ast-page-background-enabled":"default","ast-page-background-meta":{"desktop":{"background-color":"var(--ast-global-color-4)","background-image":"","background-repeat":"repeat","background-position":"center center","background-size":"auto","background-attachment":"scroll","background-type":"","background-media":"","overlay-type":"","overlay-color":"","overlay-opacity":"","overlay-gradient":""},"tablet":{"background-color":"","background-image":"","background-repeat":"repeat","background-position":"center center","background-size":"auto","background-attachment":"scroll","background-type":"","background-media":"","overlay-type":"","overlay-color":"","overlay-opacity":"","overlay-gradient":""},"mobile":{"background-color":"","background-image":"","background-repeat":"repeat","background-position":"center center","background-size":"auto","background-attachment":"scroll","background-type":"","background-media":"","overlay-type":"","overlay-color":"","overlay-opacity":"","overlay-gradient":""}},"ast-content-background-meta":{"desktop":{"background-color":"var(--ast-global-color-5)","background-image":"","background-repeat":"repeat","background-position":"center center","background-size":"auto","background-attachment":"scroll","background-type":"","background-media":"","overlay-type":"","overlay-color":"","overlay-opacity":"","overlay-gradient":""},"tablet":{"background-color":"var(--ast-global-color-5)","background-image":"","background-repeat":"repeat","background-position":"center center","background-size":"auto","background-attachment":"scroll","background-type":"","background-media":"","overlay-type":"","overlay-color":"","overlay-opacity":"","overlay-gradient":""},"mobile":{"background-color":"var(--ast-global-color-5)","background-image":"","background-repeat":"repeat","background-position":"center center","background-size":"auto","background-attachment":"scroll","background-type":"","background-media":"","overlay-type":"","overlay-color":"","overlay-opacity":"","overlay-gradient":""}},"footnotes":""},"categories":[29],"tags":[293,290,335,296,331],"class_list":["post-8870","post","type-post","status-publish","format-standard","hentry","category-portada","tag-alumnat-nouvingut","tag-aprendre-catala-l2","tag-aula-ordinaria","tag-comunicacio-oral","tag-llengua"],"post_mailing_queue_ids":[],"_links":{"self":[{"href":"https:\/\/projectes.xtec.cat\/lic-cce\/wp-json\/wp\/v2\/posts\/8870","targetHints":{"allow":["GET"]}}],"collection":[{"href":"https:\/\/projectes.xtec.cat\/lic-cce\/wp-json\/wp\/v2\/posts"}],"about":[{"href":"https:\/\/projectes.xtec.cat\/lic-cce\/wp-json\/wp\/v2\/types\/post"}],"author":[{"embeddable":true,"href":"https:\/\/projectes.xtec.cat\/lic-cce\/wp-json\/wp\/v2\/users\/1"}],"replies":[{"embeddable":true,"href":"https:\/\/projectes.xtec.cat\/lic-cce\/wp-json\/wp\/v2\/comments?post=8870"}],"version-history":[{"count":1,"href":"https:\/\/projectes.xtec.cat\/lic-cce\/wp-json\/wp\/v2\/posts\/8870\/revisions"}],"predecessor-version":[{"id":8871,"href":"https:\/\/projectes.xtec.cat\/lic-cce\/wp-json\/wp\/v2\/posts\/8870\/revisions\/8871"}],"wp:attachment":[{"href":"https:\/\/projectes.xtec.cat\/lic-cce\/wp-json\/wp\/v2\/media?parent=8870"}],"wp:term":[{"taxonomy":"category","embeddable":true,"href":"https:\/\/projectes.xtec.cat\/lic-cce\/wp-json\/wp\/v2\/categories?post=8870"},{"taxonomy":"post_tag","embeddable":true,"href":"https:\/\/projectes.xtec.cat\/lic-cce\/wp-json\/wp\/v2\/tags?post=8870"}],"curies":[{"name":"wp","href":"https:\/\/api.w.org\/{rel}","templated":true}]}}