{"id":8888,"date":"2023-01-11T09:58:22","date_gmt":"2023-01-11T08:58:22","guid":{"rendered":"https:\/\/projectes.xtec.cat\/lic-cce\/?p=8888"},"modified":"2023-01-11T09:59:00","modified_gmt":"2023-01-11T08:59:00","slug":"formacio-aprenentatge-inicial-de-la-lectura","status":"publish","type":"post","link":"https:\/\/projectes.xtec.cat\/lic-cce\/portada\/formacio-aprenentatge-inicial-de-la-lectura\/","title":{"rendered":"Formaci\u00f3 Aprenentatge inicial de la lectura"},"content":{"rendered":"<p>Us compartim una nova formaci\u00f3 que s&#8217;inicia aquest segon trimestre per si pot ser del vostre inter\u00e8s.<\/p>\n<p>La formaci\u00f3 parteix dels llibres d\u2019abecedaris que les editorials publiquen habitualment i que tenen una alta qualitat tant en la il\u00b7lustraci\u00f3, com en la tipografia com en el text breu i am\u00e8.<\/p>\n<p>L&#8217; objectiu \u00e9s reflexionar sobre com aquests llibres poden ser un recurs per a l\u2019aprenentatge de les lletres i els procediments implicats en l\u2019adquisici\u00f3 del codi escrit, veure diferents activitats d\u2019aplicaci\u00f3 a l\u2019aula, i pensar i compartir activitats entre tots els assistents.<br \/>\n\u00c9s una formaci\u00f3 telem\u00e0tica de dues sessions amb una tasca d\u2019aplicaci\u00f3 i es certifiquen 15h. La\u00a0primera sessi\u00f3 presenta els llibres i dona orientacions did\u00e0ctiques. Entre mig de la primera i\u00a0segona sessi\u00f3 es dona temps perqu\u00e8 tothom pensi i reculli una activitat que faria amb els seus\u00a0alumnes, i la darrera sessi\u00f3 ser\u00e0 molt participativa ja que es compartiran\u00a0activitats. Us adjuntem un cartell amb tota la informaci\u00f3 del curs que porta per t\u00edtol:<br \/>\nELS LLIBRES D\u2019ABECEDARIS, UN BON RECURS PER APRENDRE LES LLETRES.<\/p>\n<div>El per\u00edode d\u2019inscripci\u00f3 \u00e9s fins el 17 de gener.<\/div>\n<div>\n<div><img loading=\"lazy\" decoding=\"async\" class=\"CToWUd a6T\" tabindex=\"0\" src=\"https:\/\/mail.google.com\/mail\/u\/0?ui=2&amp;ik=ebf53f0379&amp;attid=0.0.1&amp;permmsgid=msg-a:r-337861175767147760&amp;th=185a000894151377&amp;view=fimg&amp;fur=ip&amp;sz=s0-l75-ft&amp;attbid=ANGjdJ_GfRdm8THSH9MN4Dg7M7RCr38uPnwHnUm70SRY0txVZtyzNrFDKySDcRd0yTZVMeYDTJAecqgRW7PkCSsGgGqZsx8u4SdoekbNDZctn-t9a-Z9xV8LRDdq8H4&amp;disp=emb&amp;realattid=ii_lcrexsf51\" alt=\"image.png\" width=\"472\" height=\"183\" data-image-whitelisted=\"\" data-bit=\"iit\" \/><\/div>\n<div>Per a fer la inscripci\u00f3:\u00a0<a href=\"https:\/\/xtec.gencat.cat\/ca\/formacio\/info-general\/cercador-activitats\/\" target=\"_blank\" rel=\"noopener\" data-saferedirecturl=\"https:\/\/www.google.com\/url?q=https:\/\/xtec.gencat.cat\/ca\/formacio\/info-general\/cercador-activitats\/&amp;source=gmail&amp;ust=1673513080573000&amp;usg=AOvVaw2wr39TTzhknxWtTFgqTSS9\">https:\/\/xtec.<wbr \/>gencat.cat\/ca\/formacio\/info-<wbr \/>general\/cercador-activitats\/<\/a><\/div>\n<\/div>\n<div><\/div>\n<div><\/div>\n<div>\n<div><\/div>\n<div><\/div>\n<div><a href=\"https:\/\/projectes.xtec.cat\/lic-cce\/wp-content\/uploads\/usu2122\/2022\/10\/descarrega-arxius-1.jpg\"><img loading=\"lazy\" decoding=\"async\" class=\"wp-image-8820 alignleft\" src=\"https:\/\/projectes.xtec.cat\/lic-cce\/wp-content\/uploads\/usu2122\/2022\/10\/descarrega-arxius-1-300x208.jpg\" alt=\"\" width=\"84\" height=\"58\" srcset=\"https:\/\/projectes.xtec.cat\/lic-cce\/wp-content\/uploads\/usu2122\/2022\/10\/descarrega-arxius-1-300x208.jpg 300w, https:\/\/projectes.xtec.cat\/lic-cce\/wp-content\/uploads\/usu2122\/2022\/10\/descarrega-arxius-1.jpg 520w\" sizes=\"auto, (max-width: 84px) 100vw, 84px\" \/><\/a><\/div>\n<div><a href=\"https:\/\/projectes.xtec.cat\/lic-cce\/wp-content\/uploads\/usu2122\/2023\/01\/cartell_formacio_llibres_abecedaris-1-1.pdf\">cartell_formacio_llibres_abecedaris (1) (1)<\/a><\/div>\n<\/div>\n","protected":false},"excerpt":{"rendered":"<p>Us compartim una nova formaci\u00f3 que s&#8217;inicia aquest segon trimestre per si pot ser del vostre inter\u00e8s. La formaci\u00f3 parteix dels llibres d\u2019abecedaris que les editorials publiquen habitualment i que tenen una alta qualitat tant en la il\u00b7lustraci\u00f3, com en la tipografia com en el text breu i am\u00e8. L&#8217; objectiu \u00e9s reflexionar sobre com [&hellip;]<\/p>\n","protected":false},"author":1,"featured_media":0,"comment_status":"open","ping_status":"closed","sticky":false,"template":"","format":"standard","meta":{"_bbp_topic_count":0,"_bbp_reply_count":0,"_bbp_total_topic_count":0,"_bbp_total_reply_count":0,"_bbp_voice_count":0,"_bbp_anonymous_reply_count":0,"_bbp_topic_count_hidden":0,"_bbp_reply_count_hidden":0,"_bbp_forum_subforum_count":0,"site-sidebar-layout":"default","site-content-layout":"","ast-site-content-layout":"","site-content-style":"default","site-sidebar-style":"default","ast-global-header-display":"","ast-banner-title-visibility":"","ast-main-header-display":"","ast-hfb-above-header-display":"","ast-hfb-below-header-display":"","ast-hfb-mobile-header-display":"","site-post-title":"","ast-breadcrumbs-content":"","ast-featured-img":"","footer-sml-layout":"","theme-transparent-header-meta":"","adv-header-id-meta":"","stick-header-meta":"","header-above-stick-meta":"","header-main-stick-meta":"","header-below-stick-meta":"","astra-migrate-meta-layouts":"default","ast-page-background-enabled":"default","ast-page-background-meta":{"desktop":{"background-color":"var(--ast-global-color-4)","background-image":"","background-repeat":"repeat","background-position":"center center","background-size":"auto","background-attachment":"scroll","background-type":"","background-media":"","overlay-type":"","overlay-color":"","overlay-opacity":"","overlay-gradient":""},"tablet":{"background-color":"","background-image":"","background-repeat":"repeat","background-position":"center center","background-size":"auto","background-attachment":"scroll","background-type":"","background-media":"","overlay-type":"","overlay-color":"","overlay-opacity":"","overlay-gradient":""},"mobile":{"background-color":"","background-image":"","background-repeat":"repeat","background-position":"center center","background-size":"auto","background-attachment":"scroll","background-type":"","background-media":"","overlay-type":"","overlay-color":"","overlay-opacity":"","overlay-gradient":""}},"ast-content-background-meta":{"desktop":{"background-color":"var(--ast-global-color-5)","background-image":"","background-repeat":"repeat","background-position":"center center","background-size":"auto","background-attachment":"scroll","background-type":"","background-media":"","overlay-type":"","overlay-color":"","overlay-opacity":"","overlay-gradient":""},"tablet":{"background-color":"var(--ast-global-color-5)","background-image":"","background-repeat":"repeat","background-position":"center center","background-size":"auto","background-attachment":"scroll","background-type":"","background-media":"","overlay-type":"","overlay-color":"","overlay-opacity":"","overlay-gradient":""},"mobile":{"background-color":"var(--ast-global-color-5)","background-image":"","background-repeat":"repeat","background-position":"center center","background-size":"auto","background-attachment":"scroll","background-type":"","background-media":"","overlay-type":"","overlay-color":"","overlay-opacity":"","overlay-gradient":""}},"footnotes":""},"categories":[29],"tags":[342,341,297,310],"class_list":["post-8888","post","type-post","status-publish","format-standard","hentry","category-portada","tag-ail","tag-educacio-infantil","tag-lectura","tag-primaria"],"post_mailing_queue_ids":[],"_links":{"self":[{"href":"https:\/\/projectes.xtec.cat\/lic-cce\/wp-json\/wp\/v2\/posts\/8888","targetHints":{"allow":["GET"]}}],"collection":[{"href":"https:\/\/projectes.xtec.cat\/lic-cce\/wp-json\/wp\/v2\/posts"}],"about":[{"href":"https:\/\/projectes.xtec.cat\/lic-cce\/wp-json\/wp\/v2\/types\/post"}],"author":[{"embeddable":true,"href":"https:\/\/projectes.xtec.cat\/lic-cce\/wp-json\/wp\/v2\/users\/1"}],"replies":[{"embeddable":true,"href":"https:\/\/projectes.xtec.cat\/lic-cce\/wp-json\/wp\/v2\/comments?post=8888"}],"version-history":[{"count":2,"href":"https:\/\/projectes.xtec.cat\/lic-cce\/wp-json\/wp\/v2\/posts\/8888\/revisions"}],"predecessor-version":[{"id":8891,"href":"https:\/\/projectes.xtec.cat\/lic-cce\/wp-json\/wp\/v2\/posts\/8888\/revisions\/8891"}],"wp:attachment":[{"href":"https:\/\/projectes.xtec.cat\/lic-cce\/wp-json\/wp\/v2\/media?parent=8888"}],"wp:term":[{"taxonomy":"category","embeddable":true,"href":"https:\/\/projectes.xtec.cat\/lic-cce\/wp-json\/wp\/v2\/categories?post=8888"},{"taxonomy":"post_tag","embeddable":true,"href":"https:\/\/projectes.xtec.cat\/lic-cce\/wp-json\/wp\/v2\/tags?post=8888"}],"curies":[{"name":"wp","href":"https:\/\/api.w.org\/{rel}","templated":true}]}}