{"id":8936,"date":"2023-02-17T14:35:11","date_gmt":"2023-02-17T13:35:11","guid":{"rendered":"https:\/\/projectes.xtec.cat\/lic-cce\/?p=8936"},"modified":"2023-02-17T12:53:25","modified_gmt":"2023-02-17T11:53:25","slug":"aprenentatge-del-catala-i-llengues-dorigen","status":"publish","type":"post","link":"https:\/\/projectes.xtec.cat\/lic-cce\/portada\/aprenentatge-del-catala-i-llengues-dorigen\/","title":{"rendered":"Aprenentatge del catal\u00e0 i lleng\u00fces d&#8217;origen"},"content":{"rendered":"<div style=\"width: 100%;\">\n<p>L&#8217;Equip CREDA de la Catalunya Central ha elaborat aquesta infografia per mostrar aquest material que parteix, d\u2019una banda, d\u2019una s\u00e8rie d\u2019iniciatives pr\u00e8vies relacionades amb la comparaci\u00f3 entre la fonologia i la fon\u00e8tica, i la morfosintaxi de les lleng\u00fces que tenen m\u00e9s pres\u00e8ncia entre els nouvinguts que s\u2019incorporen a les nostres escoles i el catal\u00e0.<\/p>\n<p>Tamb\u00e9 recull els errors gramaticals esperables, i que podem &#8220;normalitzar&#8221;, en els parlants de diferents lleng\u00fces que aprenen tamb\u00e9 el catal\u00e0.<\/p>\n<div style=\"width: 100%;\">\n<div style=\"position: relative; padding-bottom: 56.25%; padding-top: 0; height: 0;\">.<iframe loading=\"lazy\" style=\"position: absolute; top: 0; left: 0; width: 100%; height: 100%;\" title=\"L1 Estrangera - WEB\" src=\"https:\/\/view.genial.ly\/63da3dc8efc940001267dbbe\" width=\"1200px\" height=\"675px\" frameborder=\"0\" scrolling=\"yes\" allowfullscreen=\"allowfullscreen\" data-mce-fragment=\"1\"><\/iframe><\/div>\n<\/div>\n<\/div>\n","protected":false},"excerpt":{"rendered":"<p>L&#8217;Equip CREDA de la Catalunya Central ha elaborat aquesta infografia per mostrar aquest material que parteix, d\u2019una banda, d\u2019una s\u00e8rie d\u2019iniciatives pr\u00e8vies relacionades amb la comparaci\u00f3 entre la fonologia i la fon\u00e8tica, i la morfosintaxi de les lleng\u00fces que tenen m\u00e9s pres\u00e8ncia entre els nouvinguts que s\u2019incorporen a les nostres escoles i el catal\u00e0. Tamb\u00e9 [&hellip;]<\/p>\n","protected":false},"author":1,"featured_media":0,"comment_status":"open","ping_status":"closed","sticky":false,"template":"","format":"standard","meta":{"_bbp_topic_count":0,"_bbp_reply_count":0,"_bbp_total_topic_count":0,"_bbp_total_reply_count":0,"_bbp_voice_count":0,"_bbp_anonymous_reply_count":0,"_bbp_topic_count_hidden":0,"_bbp_reply_count_hidden":0,"_bbp_forum_subforum_count":0,"site-sidebar-layout":"default","site-content-layout":"","ast-site-content-layout":"","site-content-style":"default","site-sidebar-style":"default","ast-global-header-display":"","ast-banner-title-visibility":"","ast-main-header-display":"","ast-hfb-above-header-display":"","ast-hfb-below-header-display":"","ast-hfb-mobile-header-display":"","site-post-title":"","ast-breadcrumbs-content":"","ast-featured-img":"","footer-sml-layout":"","theme-transparent-header-meta":"","adv-header-id-meta":"","stick-header-meta":"","header-above-stick-meta":"","header-main-stick-meta":"","header-below-stick-meta":"","astra-migrate-meta-layouts":"default","ast-page-background-enabled":"default","ast-page-background-meta":{"desktop":{"background-color":"var(--ast-global-color-4)","background-image":"","background-repeat":"repeat","background-position":"center center","background-size":"auto","background-attachment":"scroll","background-type":"","background-media":"","overlay-type":"","overlay-color":"","overlay-opacity":"","overlay-gradient":""},"tablet":{"background-color":"","background-image":"","background-repeat":"repeat","background-position":"center center","background-size":"auto","background-attachment":"scroll","background-type":"","background-media":"","overlay-type":"","overlay-color":"","overlay-opacity":"","overlay-gradient":""},"mobile":{"background-color":"","background-image":"","background-repeat":"repeat","background-position":"center center","background-size":"auto","background-attachment":"scroll","background-type":"","background-media":"","overlay-type":"","overlay-color":"","overlay-opacity":"","overlay-gradient":""}},"ast-content-background-meta":{"desktop":{"background-color":"var(--ast-global-color-5)","background-image":"","background-repeat":"repeat","background-position":"center center","background-size":"auto","background-attachment":"scroll","background-type":"","background-media":"","overlay-type":"","overlay-color":"","overlay-opacity":"","overlay-gradient":""},"tablet":{"background-color":"var(--ast-global-color-5)","background-image":"","background-repeat":"repeat","background-position":"center center","background-size":"auto","background-attachment":"scroll","background-type":"","background-media":"","overlay-type":"","overlay-color":"","overlay-opacity":"","overlay-gradient":""},"mobile":{"background-color":"var(--ast-global-color-5)","background-image":"","background-repeat":"repeat","background-position":"center center","background-size":"auto","background-attachment":"scroll","background-type":"","background-media":"","overlay-type":"","overlay-color":"","overlay-opacity":"","overlay-gradient":""}},"footnotes":""},"categories":[29],"tags":[293,290,291,319],"class_list":["post-8936","post","type-post","status-publish","format-standard","hentry","category-portada","tag-alumnat-nouvingut","tag-aprendre-catala-l2","tag-aula-dacollida","tag-llengues-dorigen"],"post_mailing_queue_ids":[],"_links":{"self":[{"href":"https:\/\/projectes.xtec.cat\/lic-cce\/wp-json\/wp\/v2\/posts\/8936","targetHints":{"allow":["GET"]}}],"collection":[{"href":"https:\/\/projectes.xtec.cat\/lic-cce\/wp-json\/wp\/v2\/posts"}],"about":[{"href":"https:\/\/projectes.xtec.cat\/lic-cce\/wp-json\/wp\/v2\/types\/post"}],"author":[{"embeddable":true,"href":"https:\/\/projectes.xtec.cat\/lic-cce\/wp-json\/wp\/v2\/users\/1"}],"replies":[{"embeddable":true,"href":"https:\/\/projectes.xtec.cat\/lic-cce\/wp-json\/wp\/v2\/comments?post=8936"}],"version-history":[{"count":3,"href":"https:\/\/projectes.xtec.cat\/lic-cce\/wp-json\/wp\/v2\/posts\/8936\/revisions"}],"predecessor-version":[{"id":8940,"href":"https:\/\/projectes.xtec.cat\/lic-cce\/wp-json\/wp\/v2\/posts\/8936\/revisions\/8940"}],"wp:attachment":[{"href":"https:\/\/projectes.xtec.cat\/lic-cce\/wp-json\/wp\/v2\/media?parent=8936"}],"wp:term":[{"taxonomy":"category","embeddable":true,"href":"https:\/\/projectes.xtec.cat\/lic-cce\/wp-json\/wp\/v2\/categories?post=8936"},{"taxonomy":"post_tag","embeddable":true,"href":"https:\/\/projectes.xtec.cat\/lic-cce\/wp-json\/wp\/v2\/tags?post=8936"}],"curies":[{"name":"wp","href":"https:\/\/api.w.org\/{rel}","templated":true}]}}