{"id":9046,"date":"2023-07-03T09:36:08","date_gmt":"2023-07-03T07:36:08","guid":{"rendered":"https:\/\/projectes.xtec.cat\/lic-cce\/?p=9046"},"modified":"2023-07-03T13:58:30","modified_gmt":"2023-07-03T11:58:30","slug":"lus-de-la-llengua-eix-central-de-la-jornada-embolicat-amb-la-llengua","status":"publish","type":"post","link":"https:\/\/projectes.xtec.cat\/lic-cce\/portada\/lus-de-la-llengua-eix-central-de-la-jornada-embolicat-amb-la-llengua\/","title":{"rendered":"L\u2019\u00fas de la llengua, eix central de la jornada EmboLICa\u2019t amb la llengua"},"content":{"rendered":"<p>L\u2019equip LIC de la Catalunya Central vam celebrar la IX Jornada Pedag\u00f2gica \u201cEmboLICa\u2019t amb la llengua, el passat\u00a027 de juny, a la Biblioteca Pilarin Bay\u00e9s de Vic.<\/p>\n<p>La benvinguda i presentaci\u00f3 de l\u2019acte va anar a c\u00e0rrec de Sra. Elisabet Franquesa, regidora d\u2019Educaci\u00f3 de l\u2019Ajuntament de Vic, i de la coordinadora dels Serveis Educatius de la Catalunya Central, la Sra. Anna Torruella.<\/p>\n<p>Vam comptar amb docents de diferents centres de la Catalunya Central,\u00a0 representants d\u2019inspecci\u00f3 educativa, professorat de centres de formaci\u00f3 d\u2019adults, del Consorci de Normalitzaci\u00f3 ling\u00fc\u00edstica, de l\u2019oficina municipal d\u2019acollida&#8230;. i altres persones interessades en l\u2019\u00fas de la llengua catalana.<\/p>\n<p style=\"text-align: center;\"><iframe loading=\"lazy\" title=\"YouTube video player\" src=\"\/\/www.youtube.com\/embed\/c8k_Tn_5oxU\" width=\"560\" height=\"315\" frameborder=\"0\" allowfullscreen=\"allowfullscreen\"><\/iframe><\/p>\n<p>El professor de Psicobiologia de la Universitat de Val\u00e8ncia, <strong>Ferran Suay<\/strong>, va oferir una xerrada inaugural amb el t\u00edtol<strong>,<\/strong> \u201c<em>Assertivitat ling\u00fc\u00edstica per a docents<\/em>\u201d.\u00a0Ens va parlar de l&#8217;h\u00e0bit de la submissi\u00f3 ling\u00fc\u00edstica, dels prejudicis sobre l&#8217;\u00fas del catal\u00e0, del canvi d&#8217;h\u00e0bits: qu\u00e8 necessitem?, del rol de la consci\u00e8ncia ling\u00fc\u00edstica, i com podem progressar cap a l&#8217;assertivitat ling\u00fc\u00edstica.<\/p>\n<p>A mig mat\u00ed, durant la franja de \u201cl\u2019hora del pati\u201d, els assistents van poder visitar diferents espais, amb <strong>\u00a0experi\u00e8ncies que promouen l\u2019\u00fas de la llengua<\/strong>:<\/p>\n<ul>\n<li><strong>Aula multiling\u00fce Anna Dodas,<\/strong> Servei municipal d\u2019atenci\u00f3 al multiling\u00fcisme per aprendre, refor\u00e7ar, ampliar i mantenir els coneixements de llengua catalana, castellana, anglesa i francesa. \u00c9s un recurs gratu\u00eft adre\u00e7at a alumnat i professorat de prim\u00e0ria, secund\u00e0ria, batxillerat, cicles formatius i adults.<\/li>\n<li><strong>Mancomunitat La Plana. Projecte Perfils.<\/strong> &#8221; Perfils \u00e9s un projecte de la Mancomunitat La Plana, amb m\u00e9s de 10 anys de recorregut que pret\u00e9n apropar el fet migratori als i les joves des d\u2019una perspectiva acad\u00e8mica i humana&#8221;<\/li>\n<li><strong>Exposici\u00f3 &#8220;17 raons per parlar catal\u00e0&#8221;<\/strong> En el marc d&#8217;Igualada Capital de la Cultura Catalana, el Servei Local de Catal\u00e0 d&#8217;Igualada i el Departament de Promoci\u00f3 Cultural de l&#8217;Ajuntament, organitzen la campanya 17 raons per parlar catal\u00e0.<\/li>\n<li><strong>Consorci de Normalitzaci\u00f3 ling\u00fc\u00edstica d&#8217;Osona.<\/strong> &#8221; CNLOsona&#8221; Campanyes i recursos per al foment de l&#8217;\u00fas de la llengua catalana. Projectes diversos: el VxL, teatre social, activitats de sensibilitzaci\u00f3.<\/li>\n<li><strong>Exposici\u00f3: &#8220;Intermediaci\u00f3 ling\u00fc\u00edstica per part de menors&#8221;<\/strong> Els infants, joves i adolescents tenen un paper molt important en els processos migratoris. La immersi\u00f3 ling\u00fc\u00edstica que viuen gr\u00e0cies a l&#8217;escolaritzaci\u00f3 els facilita l&#8217;aprenentatge de les lleng\u00fces vehiculars, que a vegades adquireixen m\u00e9s de pressa que els seus pares i mares. Aix\u00f2 fa que sovint es converteixin en \u00abtraductors i int\u00e8rprets naturals\u00bb per a progenitors i familiars, que confien en aquests joves i adolescents per poder comunicar-se amb els prove\u00efdors de serveis p\u00fablics (professorat, personal sanitari, personal dels serveis socials, etc. ) o per entendre la informaci\u00f3 escrita que els arriba.<\/li>\n<li><strong>Videoprojecci\u00f3: el catal\u00e0 a les xarxes socials<\/strong>. A la xarxa trobem creadors de continguts digitals que utilitzen el catal\u00e0 i que tenen molts seguidors. En som coneixedors?<\/li>\n<\/ul>\n<p><iframe loading=\"lazy\" title=\"YouTube video player\" src=\"\/\/www.youtube.com\/embed\/qd4Jfd5blgg\" width=\"560\" height=\"315\" frameborder=\"0\" allowfullscreen=\"allowfullscreen\"><\/iframe><\/p>\n<p>A la segona part de la Jornada, es va poder seguir la taula rodona \u201c<em>La llengua damunt la taula<\/em>\u201d, amb la participaci\u00f3 de Daniela de Mello, professora a l&#8217;INS Moian\u00e8s; Melisa Bel\u00e9n, tutora d&#8217;aula d&#8217;acollida a l\u2019Ins. Renaixen\u00e7a dels Hostalets de Pierola; Karim Bouloum, historiador i dinamitzador comunitari, i Maryam Badaoui, integradora social i treballadora del Consell Comarcal del Bergued\u00e0.<\/p>\n<p>L\u2019objectiu de la taula rodona era poder compartir l\u2019experi\u00e8ncia del proc\u00e9s migratori dels participants, per establir paral\u00b7lelismes amb l\u2019alumnat que tenim als centres, i de l\u2019aprenentatge i \u00fas de la llengua catalana.<\/p>\n<p>Finalment, vam tancar la jornada amb un taller de glosa, a c\u00e0rrec de Cor de Carxofa, una associaci\u00f3 de foment del glosat, que t\u00e9 com a objectiu la recuperaci\u00f3, la promoci\u00f3 i la difusi\u00f3 del glosat en catal\u00e0, ent\u00e8s com a g\u00e8nere po\u00e8tic i musical que consisteix a improvisar versos sobre una determinada melodia.<\/p>\n<p>Des de l\u2019Equip LIC volem agrair-vos la vostra \u00a0col\u00b7laboraci\u00f3 i participaci\u00f3.\u00a0 #embolicatamblallengua23<\/p>\n","protected":false},"excerpt":{"rendered":"<p>L\u2019equip LIC de la Catalunya Central vam celebrar la IX Jornada Pedag\u00f2gica \u201cEmboLICa\u2019t amb la llengua, el passat\u00a027 de juny, a la Biblioteca Pilarin Bay\u00e9s de Vic. La benvinguda i presentaci\u00f3 de l\u2019acte va anar a c\u00e0rrec de Sra. Elisabet Franquesa, regidora d\u2019Educaci\u00f3 de l\u2019Ajuntament de Vic, i de la coordinadora dels Serveis Educatius de [&hellip;]<\/p>\n","protected":false},"author":1,"featured_media":0,"comment_status":"open","ping_status":"closed","sticky":false,"template":"","format":"standard","meta":{"_bbp_topic_count":0,"_bbp_reply_count":0,"_bbp_total_topic_count":0,"_bbp_total_reply_count":0,"_bbp_voice_count":0,"_bbp_anonymous_reply_count":0,"_bbp_topic_count_hidden":0,"_bbp_reply_count_hidden":0,"_bbp_forum_subforum_count":0,"site-sidebar-layout":"default","site-content-layout":"","ast-site-content-layout":"","site-content-style":"default","site-sidebar-style":"default","ast-global-header-display":"","ast-banner-title-visibility":"","ast-main-header-display":"","ast-hfb-above-header-display":"","ast-hfb-below-header-display":"","ast-hfb-mobile-header-display":"","site-post-title":"","ast-breadcrumbs-content":"","ast-featured-img":"","footer-sml-layout":"","theme-transparent-header-meta":"","adv-header-id-meta":"","stick-header-meta":"","header-above-stick-meta":"","header-main-stick-meta":"","header-below-stick-meta":"","astra-migrate-meta-layouts":"default","ast-page-background-enabled":"default","ast-page-background-meta":{"desktop":{"background-color":"var(--ast-global-color-4)","background-image":"","background-repeat":"repeat","background-position":"center center","background-size":"auto","background-attachment":"scroll","background-type":"","background-media":"","overlay-type":"","overlay-color":"","overlay-opacity":"","overlay-gradient":""},"tablet":{"background-color":"","background-image":"","background-repeat":"repeat","background-position":"center center","background-size":"auto","background-attachment":"scroll","background-type":"","background-media":"","overlay-type":"","overlay-color":"","overlay-opacity":"","overlay-gradient":""},"mobile":{"background-color":"","background-image":"","background-repeat":"repeat","background-position":"center center","background-size":"auto","background-attachment":"scroll","background-type":"","background-media":"","overlay-type":"","overlay-color":"","overlay-opacity":"","overlay-gradient":""}},"ast-content-background-meta":{"desktop":{"background-color":"var(--ast-global-color-5)","background-image":"","background-repeat":"repeat","background-position":"center center","background-size":"auto","background-attachment":"scroll","background-type":"","background-media":"","overlay-type":"","overlay-color":"","overlay-opacity":"","overlay-gradient":""},"tablet":{"background-color":"var(--ast-global-color-5)","background-image":"","background-repeat":"repeat","background-position":"center center","background-size":"auto","background-attachment":"scroll","background-type":"","background-media":"","overlay-type":"","overlay-color":"","overlay-opacity":"","overlay-gradient":""},"mobile":{"background-color":"var(--ast-global-color-5)","background-image":"","background-repeat":"repeat","background-position":"center center","background-size":"auto","background-attachment":"scroll","background-type":"","background-media":"","overlay-type":"","overlay-color":"","overlay-opacity":"","overlay-gradient":""}},"footnotes":""},"categories":[29],"tags":[331,351],"class_list":["post-9046","post","type-post","status-publish","format-standard","hentry","category-portada","tag-llengua","tag-us-de-la-llengua-catalana"],"post_mailing_queue_ids":[],"_links":{"self":[{"href":"https:\/\/projectes.xtec.cat\/lic-cce\/wp-json\/wp\/v2\/posts\/9046","targetHints":{"allow":["GET"]}}],"collection":[{"href":"https:\/\/projectes.xtec.cat\/lic-cce\/wp-json\/wp\/v2\/posts"}],"about":[{"href":"https:\/\/projectes.xtec.cat\/lic-cce\/wp-json\/wp\/v2\/types\/post"}],"author":[{"embeddable":true,"href":"https:\/\/projectes.xtec.cat\/lic-cce\/wp-json\/wp\/v2\/users\/1"}],"replies":[{"embeddable":true,"href":"https:\/\/projectes.xtec.cat\/lic-cce\/wp-json\/wp\/v2\/comments?post=9046"}],"version-history":[{"count":3,"href":"https:\/\/projectes.xtec.cat\/lic-cce\/wp-json\/wp\/v2\/posts\/9046\/revisions"}],"predecessor-version":[{"id":9057,"href":"https:\/\/projectes.xtec.cat\/lic-cce\/wp-json\/wp\/v2\/posts\/9046\/revisions\/9057"}],"wp:attachment":[{"href":"https:\/\/projectes.xtec.cat\/lic-cce\/wp-json\/wp\/v2\/media?parent=9046"}],"wp:term":[{"taxonomy":"category","embeddable":true,"href":"https:\/\/projectes.xtec.cat\/lic-cce\/wp-json\/wp\/v2\/categories?post=9046"},{"taxonomy":"post_tag","embeddable":true,"href":"https:\/\/projectes.xtec.cat\/lic-cce\/wp-json\/wp\/v2\/tags?post=9046"}],"curies":[{"name":"wp","href":"https:\/\/api.w.org\/{rel}","templated":true}]}}