{"id":9205,"date":"2023-11-06T18:01:08","date_gmt":"2023-11-06T17:01:08","guid":{"rendered":"https:\/\/projectes.xtec.cat\/lic-cce\/?p=9205"},"modified":"2023-11-06T18:01:08","modified_gmt":"2023-11-06T17:01:08","slug":"mesures-i-suports-universals-en-el-marc-duna-atencio-educativa-inclusiva","status":"publish","type":"post","link":"https:\/\/projectes.xtec.cat\/lic-cce\/portada\/mesures-i-suports-universals-en-el-marc-duna-atencio-educativa-inclusiva\/","title":{"rendered":"Mesures i suports universals en el marc d&#8217;una atenci\u00f3 educativa inclusiva"},"content":{"rendered":"<p><span style=\"font-weight: 400;\">El decret <\/span>150\/2017, de 17 d&#8217;octubre, de l&#8217;atenci\u00f3 educativa a l&#8217;alumnat en el marc d&#8217;un sistema educatiu inclusiu, defineix\u00a0 l&#8217;atenci\u00f3 educativa a l&#8217;alumnat que compr\u00e8n el conjunt de <strong>mesures i suports<\/strong> destinats a tots els alumnes, amb la finalitat d&#8217;afavorir el seu desenvolupament personal i social, i avancin en l&#8217;assoliment de les\u00a0<strong>compet\u00e8ncies de cada etapa educativa<\/strong> i en la transici\u00f3 a la vida adulta.<\/p>\n<p>Aquestes mesures i suports han de garantir que els contextos escolars ofereixin les condicions d&#8217;aprenentatge necess\u00e0ries per desenvolupar les fortaleses de l&#8217;alumnat; vetllar per la seva vinculaci\u00f3 amb els aprenentatges i el grup, facilitar l&#8217;acc\u00e9s a l&#8217;aprenentatge i a la participaci\u00f3 i assegurar el progr\u00e9s de tot l&#8217;alumnat.<\/p>\n<p>El Departament d&#8217;Educaci\u00f3, ha publicat un document amb el prop\u00f2sit d&#8217;aportar orientacions i proporcionar elements als centres educatius per a la presa de decisions en la concreci\u00f3 de<strong> mesures i suports universals<\/strong> en el marc d&#8217;una <strong>atenci\u00f3 educativa inclusiva<\/strong>. Es fonamenta en la normativa actual, aix\u00ed com en els marcs conceptuals que orienten les l\u00ednies de treball del\u00a0<strong>Departament d&#8217;Educaci\u00f3<\/strong>.<\/p>\n<p><span style=\"font-weight: 400;\"> <iframe loading=\"lazy\" src=\"https:\/\/drive.google.com\/file\/d\/1Gm5taep4m6HZi-pF_LNVqmhO3DAmJNz4\/preview\" width=\"640\" height=\"480\"><\/iframe><\/span><\/p>\n","protected":false},"excerpt":{"rendered":"<p>El decret 150\/2017, de 17 d&#8217;octubre, de l&#8217;atenci\u00f3 educativa a l&#8217;alumnat en el marc d&#8217;un sistema educatiu inclusiu, defineix\u00a0 l&#8217;atenci\u00f3 educativa a l&#8217;alumnat que compr\u00e8n el conjunt de mesures i suports destinats a tots els alumnes, amb la finalitat d&#8217;afavorir el seu desenvolupament personal i social, i avancin en l&#8217;assoliment de les\u00a0compet\u00e8ncies de cada etapa [&hellip;]<\/p>\n","protected":false},"author":1,"featured_media":0,"comment_status":"open","ping_status":"closed","sticky":false,"template":"","format":"standard","meta":{"_bbp_topic_count":0,"_bbp_reply_count":0,"_bbp_total_topic_count":0,"_bbp_total_reply_count":0,"_bbp_voice_count":0,"_bbp_anonymous_reply_count":0,"_bbp_topic_count_hidden":0,"_bbp_reply_count_hidden":0,"_bbp_forum_subforum_count":0,"site-sidebar-layout":"default","site-content-layout":"","ast-site-content-layout":"","site-content-style":"default","site-sidebar-style":"default","ast-global-header-display":"","ast-banner-title-visibility":"","ast-main-header-display":"","ast-hfb-above-header-display":"","ast-hfb-below-header-display":"","ast-hfb-mobile-header-display":"","site-post-title":"","ast-breadcrumbs-content":"","ast-featured-img":"","footer-sml-layout":"","theme-transparent-header-meta":"","adv-header-id-meta":"","stick-header-meta":"","header-above-stick-meta":"","header-main-stick-meta":"","header-below-stick-meta":"","astra-migrate-meta-layouts":"default","ast-page-background-enabled":"default","ast-page-background-meta":{"desktop":{"background-color":"var(--ast-global-color-4)","background-image":"","background-repeat":"repeat","background-position":"center center","background-size":"auto","background-attachment":"scroll","background-type":"","background-media":"","overlay-type":"","overlay-color":"","overlay-opacity":"","overlay-gradient":""},"tablet":{"background-color":"","background-image":"","background-repeat":"repeat","background-position":"center center","background-size":"auto","background-attachment":"scroll","background-type":"","background-media":"","overlay-type":"","overlay-color":"","overlay-opacity":"","overlay-gradient":""},"mobile":{"background-color":"","background-image":"","background-repeat":"repeat","background-position":"center center","background-size":"auto","background-attachment":"scroll","background-type":"","background-media":"","overlay-type":"","overlay-color":"","overlay-opacity":"","overlay-gradient":""}},"ast-content-background-meta":{"desktop":{"background-color":"var(--ast-global-color-5)","background-image":"","background-repeat":"repeat","background-position":"center center","background-size":"auto","background-attachment":"scroll","background-type":"","background-media":"","overlay-type":"","overlay-color":"","overlay-opacity":"","overlay-gradient":""},"tablet":{"background-color":"var(--ast-global-color-5)","background-image":"","background-repeat":"repeat","background-position":"center center","background-size":"auto","background-attachment":"scroll","background-type":"","background-media":"","overlay-type":"","overlay-color":"","overlay-opacity":"","overlay-gradient":""},"mobile":{"background-color":"var(--ast-global-color-5)","background-image":"","background-repeat":"repeat","background-position":"center center","background-size":"auto","background-attachment":"scroll","background-type":"","background-media":"","overlay-type":"","overlay-color":"","overlay-opacity":"","overlay-gradient":""}},"footnotes":""},"categories":[29],"tags":[358],"class_list":["post-9205","post","type-post","status-publish","format-standard","hentry","category-portada","tag-inclusio"],"post_mailing_queue_ids":[],"_links":{"self":[{"href":"https:\/\/projectes.xtec.cat\/lic-cce\/wp-json\/wp\/v2\/posts\/9205","targetHints":{"allow":["GET"]}}],"collection":[{"href":"https:\/\/projectes.xtec.cat\/lic-cce\/wp-json\/wp\/v2\/posts"}],"about":[{"href":"https:\/\/projectes.xtec.cat\/lic-cce\/wp-json\/wp\/v2\/types\/post"}],"author":[{"embeddable":true,"href":"https:\/\/projectes.xtec.cat\/lic-cce\/wp-json\/wp\/v2\/users\/1"}],"replies":[{"embeddable":true,"href":"https:\/\/projectes.xtec.cat\/lic-cce\/wp-json\/wp\/v2\/comments?post=9205"}],"version-history":[{"count":3,"href":"https:\/\/projectes.xtec.cat\/lic-cce\/wp-json\/wp\/v2\/posts\/9205\/revisions"}],"predecessor-version":[{"id":9209,"href":"https:\/\/projectes.xtec.cat\/lic-cce\/wp-json\/wp\/v2\/posts\/9205\/revisions\/9209"}],"wp:attachment":[{"href":"https:\/\/projectes.xtec.cat\/lic-cce\/wp-json\/wp\/v2\/media?parent=9205"}],"wp:term":[{"taxonomy":"category","embeddable":true,"href":"https:\/\/projectes.xtec.cat\/lic-cce\/wp-json\/wp\/v2\/categories?post=9205"},{"taxonomy":"post_tag","embeddable":true,"href":"https:\/\/projectes.xtec.cat\/lic-cce\/wp-json\/wp\/v2\/tags?post=9205"}],"curies":[{"name":"wp","href":"https:\/\/api.w.org\/{rel}","templated":true}]}}