{"id":9218,"date":"2023-12-04T13:04:25","date_gmt":"2023-12-04T12:04:25","guid":{"rendered":"https:\/\/projectes.xtec.cat\/lic-cce\/?p=9218"},"modified":"2023-12-04T13:04:25","modified_gmt":"2023-12-04T12:04:25","slug":"nou-servei-de-traduccio-interpretacio-via-telefonica-i-o-telematica","status":"publish","type":"post","link":"https:\/\/projectes.xtec.cat\/lic-cce\/portada\/nou-servei-de-traduccio-interpretacio-via-telefonica-i-o-telematica\/","title":{"rendered":"NOU servei de traducci\u00f3-interpretaci\u00f3 via telef\u00f2nica i\/o telem\u00e0tica"},"content":{"rendered":"<p>Us fem saber que al llarg d\u2019aquesta setmana entrar\u00e0 en funcionament un servei de traducci\u00f3-interpretaci\u00f3 via telef\u00f2nica i\/o telem\u00e0tica per facilitar la comunicaci\u00f3 entre els centres educatius que acullen alumnat nouvingut i les seves fam\u00edlies, amb l\u2019objectiu de facilitar-ne l\u2019escolaritzaci\u00f3 i l\u2019acollida. El servei s\u2019oferir\u00e0 als centres educatius p\u00fablics, de la Catalunya Central, dependents de la Generalitat de Catalunya situats\u00a0 al nostre territori.<\/p>\n<p><img decoding=\"async\" class=\"alignleft\" src=\"https:\/\/static.wixstatic.com\/media\/cb2b25_c2d4e135fef3488db40c338c35c4edcd~mv2.jpg\/v1\/fill\/w_151,h_74,al_c,q_80,usm_0.66_1.00_0.01,enc_auto\/logo%20m.jpg\" alt=\"logo m.jpg\" \/>L\u2019empresa adjudicat\u00e0ria del servei, fins al 31 de desembre de 2023, \u00e9s\u00a0<a href=\"https:\/\/www.interpretsolutions.com\/\">Interpret Solutions<\/a>, ja ha contactat amb els centres per informar-los del funcionament del servei: cada centre rep les seves claus d\u2019acc\u00e9s a la plataforma del servei, aix\u00ed com unes breus instruccions de funcionament i gesti\u00f3.<\/p>\n<p>El servei s\u2019oferir\u00e0 en 73 lleng\u00fces durant els 365 dies de l\u2019any. Els centres educatius podran utilitzar el servei d\u2019interpretaci\u00f3 un m\u00e0xim de dues vegades per alumne i curs. El cost del servei \u00e9s gratu\u00eft tant per al centre com per a les fam\u00edlies.<\/p>\n<p>&nbsp;<\/p>\n","protected":false},"excerpt":{"rendered":"<p>Us fem saber que al llarg d\u2019aquesta setmana entrar\u00e0 en funcionament un servei de traducci\u00f3-interpretaci\u00f3 via telef\u00f2nica i\/o telem\u00e0tica per facilitar la comunicaci\u00f3 entre els centres educatius que acullen alumnat nouvingut i les seves fam\u00edlies, amb l\u2019objectiu de facilitar-ne l\u2019escolaritzaci\u00f3 i l\u2019acollida. El servei s\u2019oferir\u00e0 als centres educatius p\u00fablics, de la Catalunya Central, dependents de [&hellip;]<\/p>\n","protected":false},"author":1,"featured_media":0,"comment_status":"open","ping_status":"closed","sticky":false,"template":"","format":"standard","meta":{"_bbp_topic_count":0,"_bbp_reply_count":0,"_bbp_total_topic_count":0,"_bbp_total_reply_count":0,"_bbp_voice_count":0,"_bbp_anonymous_reply_count":0,"_bbp_topic_count_hidden":0,"_bbp_reply_count_hidden":0,"_bbp_forum_subforum_count":0,"site-sidebar-layout":"default","site-content-layout":"","ast-site-content-layout":"","site-content-style":"default","site-sidebar-style":"default","ast-global-header-display":"","ast-banner-title-visibility":"","ast-main-header-display":"","ast-hfb-above-header-display":"","ast-hfb-below-header-display":"","ast-hfb-mobile-header-display":"","site-post-title":"","ast-breadcrumbs-content":"","ast-featured-img":"","footer-sml-layout":"","theme-transparent-header-meta":"","adv-header-id-meta":"","stick-header-meta":"","header-above-stick-meta":"","header-main-stick-meta":"","header-below-stick-meta":"","astra-migrate-meta-layouts":"default","ast-page-background-enabled":"default","ast-page-background-meta":{"desktop":{"background-color":"var(--ast-global-color-4)","background-image":"","background-repeat":"repeat","background-position":"center center","background-size":"auto","background-attachment":"scroll","background-type":"","background-media":"","overlay-type":"","overlay-color":"","overlay-opacity":"","overlay-gradient":""},"tablet":{"background-color":"","background-image":"","background-repeat":"repeat","background-position":"center center","background-size":"auto","background-attachment":"scroll","background-type":"","background-media":"","overlay-type":"","overlay-color":"","overlay-opacity":"","overlay-gradient":""},"mobile":{"background-color":"","background-image":"","background-repeat":"repeat","background-position":"center center","background-size":"auto","background-attachment":"scroll","background-type":"","background-media":"","overlay-type":"","overlay-color":"","overlay-opacity":"","overlay-gradient":""}},"ast-content-background-meta":{"desktop":{"background-color":"var(--ast-global-color-5)","background-image":"","background-repeat":"repeat","background-position":"center center","background-size":"auto","background-attachment":"scroll","background-type":"","background-media":"","overlay-type":"","overlay-color":"","overlay-opacity":"","overlay-gradient":""},"tablet":{"background-color":"var(--ast-global-color-5)","background-image":"","background-repeat":"repeat","background-position":"center center","background-size":"auto","background-attachment":"scroll","background-type":"","background-media":"","overlay-type":"","overlay-color":"","overlay-opacity":"","overlay-gradient":""},"mobile":{"background-color":"var(--ast-global-color-5)","background-image":"","background-repeat":"repeat","background-position":"center center","background-size":"auto","background-attachment":"scroll","background-type":"","background-media":"","overlay-type":"","overlay-color":"","overlay-opacity":"","overlay-gradient":""}},"footnotes":""},"categories":[29],"tags":[331,319],"class_list":["post-9218","post","type-post","status-publish","format-standard","hentry","category-portada","tag-llengua","tag-llengues-dorigen"],"post_mailing_queue_ids":[],"_links":{"self":[{"href":"https:\/\/projectes.xtec.cat\/lic-cce\/wp-json\/wp\/v2\/posts\/9218","targetHints":{"allow":["GET"]}}],"collection":[{"href":"https:\/\/projectes.xtec.cat\/lic-cce\/wp-json\/wp\/v2\/posts"}],"about":[{"href":"https:\/\/projectes.xtec.cat\/lic-cce\/wp-json\/wp\/v2\/types\/post"}],"author":[{"embeddable":true,"href":"https:\/\/projectes.xtec.cat\/lic-cce\/wp-json\/wp\/v2\/users\/1"}],"replies":[{"embeddable":true,"href":"https:\/\/projectes.xtec.cat\/lic-cce\/wp-json\/wp\/v2\/comments?post=9218"}],"version-history":[{"count":1,"href":"https:\/\/projectes.xtec.cat\/lic-cce\/wp-json\/wp\/v2\/posts\/9218\/revisions"}],"predecessor-version":[{"id":9219,"href":"https:\/\/projectes.xtec.cat\/lic-cce\/wp-json\/wp\/v2\/posts\/9218\/revisions\/9219"}],"wp:attachment":[{"href":"https:\/\/projectes.xtec.cat\/lic-cce\/wp-json\/wp\/v2\/media?parent=9218"}],"wp:term":[{"taxonomy":"category","embeddable":true,"href":"https:\/\/projectes.xtec.cat\/lic-cce\/wp-json\/wp\/v2\/categories?post=9218"},{"taxonomy":"post_tag","embeddable":true,"href":"https:\/\/projectes.xtec.cat\/lic-cce\/wp-json\/wp\/v2\/tags?post=9218"}],"curies":[{"name":"wp","href":"https:\/\/api.w.org\/{rel}","templated":true}]}}