{"id":9232,"date":"2024-01-25T12:18:00","date_gmt":"2024-01-25T11:18:00","guid":{"rendered":"https:\/\/projectes.xtec.cat\/lic-cce\/?p=9232"},"modified":"2024-01-25T12:32:18","modified_gmt":"2024-01-25T11:32:18","slug":"iv-edicio-del-concurs-jo-tinc-la-paraula","status":"publish","type":"post","link":"https:\/\/projectes.xtec.cat\/lic-cce\/portada\/iv-edicio-del-concurs-jo-tinc-la-paraula\/","title":{"rendered":"IV edici\u00f3 del concurs Jo tinc la paraula"},"content":{"rendered":"<p>En el marc del programa de comunicaci\u00f3 oral, el Departament d\u2019Educaci\u00f3 convoca el IV<em><a href=\"https:\/\/xtec.gencat.cat\/ca\/centres\/premis-i-concursos\/concurs-jo-tinc-la-paraula\/\"> <strong>concurs Jo tinc la paraula<\/strong><\/a>,<\/em> que t\u00e9 com a objectiu principal provocar la reflexi\u00f3 per part de l\u2019alumnat de secund\u00e0ria i batxillerat sobre els components que fan que la comunicaci\u00f3 oral sigui efica\u00e7.<\/p>\n<p>Amb un enregistrament de v\u00eddeo, a la manera d\u2019un youtuber, l&#8217;alumnat podr\u00e0 expressar-se i comunicar les seves idees, opinions, dubtes, experi\u00e8ncies, etc.<\/p>\n<p>Les inscripcions estan obertes fins al 4 de mar\u00e7. Per participar en el concurs s\u2019ha de triar un dels cinc tutorials de la campanya publicit\u00e0ria <em>Tenim la paraula<\/em>, que es poden veure als <a id=\"m_6550248793063214371m_6539888883737139106OWA74e45be2-f2f1-bb11-4d26-c8dde0d85522\" href=\"https:\/\/www.youtube.com\/watch?v=9Izne1GuePE&amp;list=PLNfGkP4uiNpYwD5-BioPJkXGDOuYDSyt-\" target=\"_blank\" rel=\"noopener\" data-saferedirecturl=\"https:\/\/www.google.com\/url?q=https:\/\/www.youtube.com\/watch?v%3D9Izne1GuePE%26list%3DPLNfGkP4uiNpYwD5-BioPJkXGDOuYDSyt-&amp;source=gmail&amp;ust=1706266374342000&amp;usg=AOvVaw1GDyNCRLNKp-llzajOGily\">canals de la plataforma YouTube<\/a> del programa. S\u2019estableixen\u00a0quatre categories\u00a0(A, B, C i D), corresponents a nivells educatius diferents o a moments diferents pel que fa a l\u2019aprenentatge de la llengua.<\/p>\n<p>Al\u00a0<a id=\"m_6550248793063214371m_6539888883737139106OWAd8b6ec36-1a1f-c6d7-6f7b-87e4f55a4666\" href=\"https:\/\/www.youtube.com\/channel\/UCi54GZKZn3evP4dHenUgakQ\/playlists\" target=\"_blank\" rel=\"noopener\" data-saferedirecturl=\"https:\/\/www.google.com\/url?q=https:\/\/www.youtube.com\/channel\/UCi54GZKZn3evP4dHenUgakQ\/playlists&amp;source=gmail&amp;ust=1706266374343000&amp;usg=AOvVaw0RjsxCIcodKf0rz-kf0zZA\">canal de YouTube del programa<\/a>\u00a0hi trobareu tots els tutorials i els v\u00eddeos que s\u2019han presentat en les dues edicions anteriors i que us poden servir com a model d\u2019inspiraci\u00f3. A\u00a0<a id=\"m_6550248793063214371m_6539888883737139106OWA6b119719-6d38-2bdc-bea9-df375188898e\" href=\"https:\/\/www.instagram.com\/jotinclaparaula\/\" target=\"_blank\" rel=\"noopener\" data-saferedirecturl=\"https:\/\/www.google.com\/url?q=https:\/\/www.instagram.com\/jotinclaparaula\/&amp;source=gmail&amp;ust=1706266374343000&amp;usg=AOvVaw0FQ_HLpQgqbRg8gerF1Sju\">Instagram\u00a0<\/a>hi ha les bases i totes les not\u00edcies i novetats del concurs.<\/p>\n<p>Aquest concurs \u00e9s una de les actuacions previstes pel Departament d\u2019Educaci\u00f3 que, en el context del\u00a0<a id=\"m_6550248793063214371m_6539888883737139106OWAdcf548e7-0ebc-f99e-af6b-11b53093360a\" href=\"http:\/\/xtec.gencat.cat\/ca\/projectes\/llengua-oral\/tenim-la-paraula\/\" target=\"_blank\" rel=\"noopener\" data-saferedirecturl=\"https:\/\/www.google.com\/url?q=http:\/\/xtec.gencat.cat\/ca\/projectes\/llengua-oral\/tenim-la-paraula\/&amp;source=gmail&amp;ust=1706266374343000&amp;usg=AOvVaw2Ci0C3uQEQULQ_R2IYecr4\">programa Tenim la paraula<\/a>, vol impulsar l\u2019\u00fas i la millora de la comunicaci\u00f3 oral entre l\u2019alumnat de secund\u00e0ria i batxillerat tant a l\u2019aula com en altres contextos d\u2019interacci\u00f3.<\/p>\n<p><iframe loading=\"lazy\" title=\"YouTube video player\" src=\"\/\/www.youtube.com\/embed\/9Izne1GuePE?si=e3qqH79ofxgACGkP\" width=\"560\" height=\"315\" frameborder=\"0\" allowfullscreen=\"allowfullscreen\"><\/iframe><\/p>\n<p>Podeu consultar les bases del concurs en aquest document.<\/p>\n<p><iframe loading=\"lazy\" src=\"https:\/\/drive.google.com\/file\/d\/12LZT9p3mK2zLEzQUegQCz2CF4bTDmdrS\/preview\" width=\"640\" height=\"480\"><\/iframe><\/p>\n<p>Recordeu que, des de fa dos cursos, el concurs compta amb una categoria adre\u00e7ada a\u00a0<b>nous parlants<\/b>. En aquesta nova categoria hi pot participar l\u2019alumnat arribat en el sistema educatiu catal\u00e0 en els \u00faltims 3 anys, amb un\u00a0<b>nivell m\u00ednim A2 (usuari b\u00e0sic)<\/b>, segons l\u2019adaptaci\u00f3 que s\u2019ha fet del\u00a0<a href=\"https:\/\/llengua.gencat.cat\/ca\/serveis\/informacio_i_difusio\/publicacions_en_linia\/classific_temes\/temes_materials_didactics\/marc_europeu_de_referencia_per_a_les_llengues\"><b><i>Marc com\u00fa de refer\u00e8ncia per a les lleng\u00fces: aprendre, ensenyar, avaluar per a escolars de 8 a 16 anys<\/i><\/b><\/a>.<\/p>\n<p>Tamb\u00e9 podeu consultar tres p\u00f2sters que recullen la informaci\u00f3 essencial sobre l\u2019edici\u00f3 del concurs d\u2019enguany de forma m\u00e9s visual: un pel <a href=\"https:\/\/projectes.xtec.cat\/lic-cce\/wp-content\/uploads\/usu2122\/2023\/12\/PROFESSORAT.pdf\">professorat<\/a> i un per a l\u2019alumnat, amb enlla\u00e7os actius per l&#8217;<a href=\"https:\/\/projectes.xtec.cat\/lic-cce\/wp-content\/uploads\/usu2122\/2023\/12\/ALUMNAT-ENLLACOS.pdf\">alumnat, <\/a>i una tercera versi\u00f3 per l&#8217;<a href=\"https:\/\/projectes.xtec.cat\/lic-cce\/wp-content\/uploads\/usu2122\/2023\/12\/ALUMNAT-IMPRESSIO.pdf\">alumnat<\/a> i per penjar a l\u2019aula.<\/p>\n<p>&nbsp;<\/p>\n<p>&nbsp;<\/p>\n<p>&nbsp;<\/p>\n","protected":false},"excerpt":{"rendered":"<p>En el marc del programa de comunicaci\u00f3 oral, el Departament d\u2019Educaci\u00f3 convoca el IV concurs Jo tinc la paraula, que t\u00e9 com a objectiu principal provocar la reflexi\u00f3 per part de l\u2019alumnat de secund\u00e0ria i batxillerat sobre els components que fan que la comunicaci\u00f3 oral sigui efica\u00e7. Amb un enregistrament de v\u00eddeo, a la manera [&hellip;]<\/p>\n","protected":false},"author":1,"featured_media":0,"comment_status":"open","ping_status":"closed","sticky":false,"template":"","format":"standard","meta":{"_bbp_topic_count":0,"_bbp_reply_count":0,"_bbp_total_topic_count":0,"_bbp_total_reply_count":0,"_bbp_voice_count":0,"_bbp_anonymous_reply_count":0,"_bbp_topic_count_hidden":0,"_bbp_reply_count_hidden":0,"_bbp_forum_subforum_count":0,"site-sidebar-layout":"default","site-content-layout":"","ast-site-content-layout":"","site-content-style":"default","site-sidebar-style":"default","ast-global-header-display":"","ast-banner-title-visibility":"","ast-main-header-display":"","ast-hfb-above-header-display":"","ast-hfb-below-header-display":"","ast-hfb-mobile-header-display":"","site-post-title":"","ast-breadcrumbs-content":"","ast-featured-img":"","footer-sml-layout":"","theme-transparent-header-meta":"","adv-header-id-meta":"","stick-header-meta":"","header-above-stick-meta":"","header-main-stick-meta":"","header-below-stick-meta":"","astra-migrate-meta-layouts":"default","ast-page-background-enabled":"default","ast-page-background-meta":{"desktop":{"background-color":"var(--ast-global-color-4)","background-image":"","background-repeat":"repeat","background-position":"center center","background-size":"auto","background-attachment":"scroll","background-type":"","background-media":"","overlay-type":"","overlay-color":"","overlay-opacity":"","overlay-gradient":""},"tablet":{"background-color":"","background-image":"","background-repeat":"repeat","background-position":"center center","background-size":"auto","background-attachment":"scroll","background-type":"","background-media":"","overlay-type":"","overlay-color":"","overlay-opacity":"","overlay-gradient":""},"mobile":{"background-color":"","background-image":"","background-repeat":"repeat","background-position":"center center","background-size":"auto","background-attachment":"scroll","background-type":"","background-media":"","overlay-type":"","overlay-color":"","overlay-opacity":"","overlay-gradient":""}},"ast-content-background-meta":{"desktop":{"background-color":"var(--ast-global-color-5)","background-image":"","background-repeat":"repeat","background-position":"center center","background-size":"auto","background-attachment":"scroll","background-type":"","background-media":"","overlay-type":"","overlay-color":"","overlay-opacity":"","overlay-gradient":""},"tablet":{"background-color":"var(--ast-global-color-5)","background-image":"","background-repeat":"repeat","background-position":"center center","background-size":"auto","background-attachment":"scroll","background-type":"","background-media":"","overlay-type":"","overlay-color":"","overlay-opacity":"","overlay-gradient":""},"mobile":{"background-color":"var(--ast-global-color-5)","background-image":"","background-repeat":"repeat","background-position":"center center","background-size":"auto","background-attachment":"scroll","background-type":"","background-media":"","overlay-type":"","overlay-color":"","overlay-opacity":"","overlay-gradient":""}},"footnotes":""},"categories":[305,29],"tags":[334,331,344],"class_list":["post-9232","post","type-post","status-publish","format-standard","hentry","category-llengua","category-portada","tag-concurs","tag-llengua","tag-llengua-oral"],"post_mailing_queue_ids":[],"_links":{"self":[{"href":"https:\/\/projectes.xtec.cat\/lic-cce\/wp-json\/wp\/v2\/posts\/9232","targetHints":{"allow":["GET"]}}],"collection":[{"href":"https:\/\/projectes.xtec.cat\/lic-cce\/wp-json\/wp\/v2\/posts"}],"about":[{"href":"https:\/\/projectes.xtec.cat\/lic-cce\/wp-json\/wp\/v2\/types\/post"}],"author":[{"embeddable":true,"href":"https:\/\/projectes.xtec.cat\/lic-cce\/wp-json\/wp\/v2\/users\/1"}],"replies":[{"embeddable":true,"href":"https:\/\/projectes.xtec.cat\/lic-cce\/wp-json\/wp\/v2\/comments?post=9232"}],"version-history":[{"count":5,"href":"https:\/\/projectes.xtec.cat\/lic-cce\/wp-json\/wp\/v2\/posts\/9232\/revisions"}],"predecessor-version":[{"id":9271,"href":"https:\/\/projectes.xtec.cat\/lic-cce\/wp-json\/wp\/v2\/posts\/9232\/revisions\/9271"}],"wp:attachment":[{"href":"https:\/\/projectes.xtec.cat\/lic-cce\/wp-json\/wp\/v2\/media?parent=9232"}],"wp:term":[{"taxonomy":"category","embeddable":true,"href":"https:\/\/projectes.xtec.cat\/lic-cce\/wp-json\/wp\/v2\/categories?post=9232"},{"taxonomy":"post_tag","embeddable":true,"href":"https:\/\/projectes.xtec.cat\/lic-cce\/wp-json\/wp\/v2\/tags?post=9232"}],"curies":[{"name":"wp","href":"https:\/\/api.w.org\/{rel}","templated":true}]}}