{"id":9263,"date":"2024-01-24T12:40:43","date_gmt":"2024-01-24T11:40:43","guid":{"rendered":"https:\/\/projectes.xtec.cat\/lic-cce\/?p=9263"},"modified":"2024-01-24T12:41:26","modified_gmt":"2024-01-24T11:41:26","slug":"el-llibre-una-finestra-oberta-al-mon-una-exposicio-dedicada-a-la-figura-de-josep-maria-aloy","status":"publish","type":"post","link":"https:\/\/projectes.xtec.cat\/lic-cce\/portada\/el-llibre-una-finestra-oberta-al-mon-una-exposicio-dedicada-a-la-figura-de-josep-maria-aloy\/","title":{"rendered":"&#8220;El llibre, una finestra oberta al m\u00f3n&#8221; una exposici\u00f3 dedicada a la figura de Josep Maria Aloy"},"content":{"rendered":"<p><strong>El vest\u00edbul de l&#8217;edifici FUB1 acollir\u00e0 entre els dies 31 de gener i 22 de mar\u00e7 l&#8217;exposici\u00f3 titulada <em>El llibre, una finestra oberta al m\u00f3n<\/em>. L\u2019exposici\u00f3 s\u2019inaugurar\u00e0 el dia 31 de gener, a dos quarts de sis de la tarda.<\/strong><\/p>\n<p><img loading=\"lazy\" decoding=\"async\" class=\"size-medium wp-image-9264 alignleft\" src=\"https:\/\/projectes.xtec.cat\/lic-cce\/wp-content\/uploads\/usu2122\/2024\/01\/Exposicio_ALOY-300x169.jpg\" alt=\"\" width=\"300\" height=\"169\" srcset=\"https:\/\/projectes.xtec.cat\/lic-cce\/wp-content\/uploads\/usu2122\/2024\/01\/Exposicio_ALOY-300x169.jpg 300w, https:\/\/projectes.xtec.cat\/lic-cce\/wp-content\/uploads\/usu2122\/2024\/01\/Exposicio_ALOY-1024x576.jpg 1024w, https:\/\/projectes.xtec.cat\/lic-cce\/wp-content\/uploads\/usu2122\/2024\/01\/Exposicio_ALOY-768x432.jpg 768w, https:\/\/projectes.xtec.cat\/lic-cce\/wp-content\/uploads\/usu2122\/2024\/01\/Exposicio_ALOY-1536x864.jpg 1536w, https:\/\/projectes.xtec.cat\/lic-cce\/wp-content\/uploads\/usu2122\/2024\/01\/Exposicio_ALOY-2048x1152.jpg 2048w\" sizes=\"auto, (max-width: 300px) 100vw, 300px\" \/>Entre el 31 de gener i el 22 de mar\u00e7, Manresa ser\u00e0 la seu de la mostra dedicada a les diferents facetes de Josep Maria Aloy en relaci\u00f3 amb l\u2019obra de Josep Vallverd\u00fa i al seu comprom\u00eds amb la divulgaci\u00f3 i la dignificaci\u00f3 de la literatura infantil i juvenil, aix\u00ed com amb la promoci\u00f3 de la lectura en llengua catalana.<br \/>\nEs tracta d&#8217;una exposici\u00f3 ampliada de la mostra organitzada pel Servei de Biblioteques de la Universitat de Lleida titulada <em>Fons Josep Maria Aloy: mostra bibliogr\u00e0fica<\/em> que arriba a Manresa cedida per la instituci\u00f3 universit\u00e0ria de la capital del Segri\u00e0.<br \/>\nL&#8217;acte inaugural de l&#8217;exposici\u00f3, que tindr\u00e0 lloc el dia 31 de gener, a dos quarts de sis de la tarda a la sala d&#8217;actes de l&#8217;edifici FUB1, comptar\u00e0 amb la pres\u00e8ncia de l\u2019alcalde de Manresa, president del patronat de la Fundaci\u00f3 Universit\u00e0ria del Bages i fill de Josep Maria Aloy, Marc Aloy i Gu\u00e0rdia. Tamb\u00e9 hi intervindr\u00e0 S\u00edlvia Mas Sa\u00f1\u00e9, vicerectora del campus Manresa de la UVic-UCC i responsable del Centre de Documentaci\u00f3, i Fina Tapias Caus, que llegir\u00e0 textos escrits per Josep Maria Aloy.<\/p>\n","protected":false},"excerpt":{"rendered":"<p>El vest\u00edbul de l&#8217;edifici FUB1 acollir\u00e0 entre els dies 31 de gener i 22 de mar\u00e7 l&#8217;exposici\u00f3 titulada El llibre, una finestra oberta al m\u00f3n. L\u2019exposici\u00f3 s\u2019inaugurar\u00e0 el dia 31 de gener, a dos quarts de sis de la tarda. Entre el 31 de gener i el 22 de mar\u00e7, Manresa ser\u00e0 la seu de [&hellip;]<\/p>\n","protected":false},"author":1,"featured_media":0,"comment_status":"open","ping_status":"closed","sticky":false,"template":"","format":"standard","meta":{"_bbp_topic_count":0,"_bbp_reply_count":0,"_bbp_total_topic_count":0,"_bbp_total_reply_count":0,"_bbp_voice_count":0,"_bbp_anonymous_reply_count":0,"_bbp_topic_count_hidden":0,"_bbp_reply_count_hidden":0,"_bbp_forum_subforum_count":0,"site-sidebar-layout":"default","site-content-layout":"","ast-site-content-layout":"","site-content-style":"default","site-sidebar-style":"default","ast-global-header-display":"","ast-banner-title-visibility":"","ast-main-header-display":"","ast-hfb-above-header-display":"","ast-hfb-below-header-display":"","ast-hfb-mobile-header-display":"","site-post-title":"","ast-breadcrumbs-content":"","ast-featured-img":"","footer-sml-layout":"","theme-transparent-header-meta":"","adv-header-id-meta":"","stick-header-meta":"","header-above-stick-meta":"","header-main-stick-meta":"","header-below-stick-meta":"","astra-migrate-meta-layouts":"default","ast-page-background-enabled":"default","ast-page-background-meta":{"desktop":{"background-color":"var(--ast-global-color-4)","background-image":"","background-repeat":"repeat","background-position":"center center","background-size":"auto","background-attachment":"scroll","background-type":"","background-media":"","overlay-type":"","overlay-color":"","overlay-opacity":"","overlay-gradient":""},"tablet":{"background-color":"","background-image":"","background-repeat":"repeat","background-position":"center center","background-size":"auto","background-attachment":"scroll","background-type":"","background-media":"","overlay-type":"","overlay-color":"","overlay-opacity":"","overlay-gradient":""},"mobile":{"background-color":"","background-image":"","background-repeat":"repeat","background-position":"center center","background-size":"auto","background-attachment":"scroll","background-type":"","background-media":"","overlay-type":"","overlay-color":"","overlay-opacity":"","overlay-gradient":""}},"ast-content-background-meta":{"desktop":{"background-color":"var(--ast-global-color-5)","background-image":"","background-repeat":"repeat","background-position":"center center","background-size":"auto","background-attachment":"scroll","background-type":"","background-media":"","overlay-type":"","overlay-color":"","overlay-opacity":"","overlay-gradient":""},"tablet":{"background-color":"var(--ast-global-color-5)","background-image":"","background-repeat":"repeat","background-position":"center center","background-size":"auto","background-attachment":"scroll","background-type":"","background-media":"","overlay-type":"","overlay-color":"","overlay-opacity":"","overlay-gradient":""},"mobile":{"background-color":"var(--ast-global-color-5)","background-image":"","background-repeat":"repeat","background-position":"center center","background-size":"auto","background-attachment":"scroll","background-type":"","background-media":"","overlay-type":"","overlay-color":"","overlay-opacity":"","overlay-gradient":""}},"footnotes":""},"categories":[305,29],"tags":[361],"class_list":["post-9263","post","type-post","status-publish","format-standard","hentry","category-llengua","category-portada","tag-exposicio"],"post_mailing_queue_ids":[],"_links":{"self":[{"href":"https:\/\/projectes.xtec.cat\/lic-cce\/wp-json\/wp\/v2\/posts\/9263","targetHints":{"allow":["GET"]}}],"collection":[{"href":"https:\/\/projectes.xtec.cat\/lic-cce\/wp-json\/wp\/v2\/posts"}],"about":[{"href":"https:\/\/projectes.xtec.cat\/lic-cce\/wp-json\/wp\/v2\/types\/post"}],"author":[{"embeddable":true,"href":"https:\/\/projectes.xtec.cat\/lic-cce\/wp-json\/wp\/v2\/users\/1"}],"replies":[{"embeddable":true,"href":"https:\/\/projectes.xtec.cat\/lic-cce\/wp-json\/wp\/v2\/comments?post=9263"}],"version-history":[{"count":1,"href":"https:\/\/projectes.xtec.cat\/lic-cce\/wp-json\/wp\/v2\/posts\/9263\/revisions"}],"predecessor-version":[{"id":9265,"href":"https:\/\/projectes.xtec.cat\/lic-cce\/wp-json\/wp\/v2\/posts\/9263\/revisions\/9265"}],"wp:attachment":[{"href":"https:\/\/projectes.xtec.cat\/lic-cce\/wp-json\/wp\/v2\/media?parent=9263"}],"wp:term":[{"taxonomy":"category","embeddable":true,"href":"https:\/\/projectes.xtec.cat\/lic-cce\/wp-json\/wp\/v2\/categories?post=9263"},{"taxonomy":"post_tag","embeddable":true,"href":"https:\/\/projectes.xtec.cat\/lic-cce\/wp-json\/wp\/v2\/tags?post=9263"}],"curies":[{"name":"wp","href":"https:\/\/api.w.org\/{rel}","templated":true}]}}