{"id":9276,"date":"2024-01-29T12:05:50","date_gmt":"2024-01-29T11:05:50","guid":{"rendered":"https:\/\/projectes.xtec.cat\/lic-cce\/?p=9276"},"modified":"2024-01-26T12:08:29","modified_gmt":"2024-01-26T11:08:29","slug":"capsules-de-reflexio-els-usos-linguistics-en-lambit-educatiu-mireia-galindo","status":"publish","type":"post","link":"https:\/\/projectes.xtec.cat\/lic-cce\/portada\/capsules-de-reflexio-els-usos-linguistics-en-lambit-educatiu-mireia-galindo\/","title":{"rendered":"C\u00e0psules de reflexi\u00f3: Els usos ling\u00fc\u00edstics en l\u2019\u00e0mbit educatiu. Mireia Galindo"},"content":{"rendered":"<p>En aquesta c\u00e0psula de reflexi\u00f3, a\u00a0partir dels resultats de diversos estudis i informes recents, Mireia Galindo palesa la import\u00e0ncia de garantir la pres\u00e8ncia i l\u2019\u00fas del catal\u00e0 a l\u2019escola, una llengua l\u2019\u00fas de la qual ha experimentat una davallada considerable, principalment a secund\u00e0ria, durant els darrers anys.<\/p>\n<p><iframe loading=\"lazy\" title=\"YouTube video player\" src=\"\/\/www.youtube.com\/embed\/rlPW894GlkA?si=o2oIFmqdY6Kg4CHH\" width=\"560\" height=\"315\" frameborder=\"0\" allowfullscreen=\"allowfullscreen\"><\/iframe><\/p>\n<p>En<a href=\"https:\/\/youtu.be\/rlPW894GlkA\" target=\"_blank\" rel=\"noopener\"><strong>\u00a0aquest v\u00eddeo<\/strong><\/a>\u00a0i en\u00a0<a href=\"https:\/\/projectes.xtec.cat\/usdelallengua\/wp-content\/uploads\/usu2313\/2024\/01\/2.-Article-Mireia-Galindo.pdf\" target=\"_blank\" rel=\"noopener\"><strong>aquest article<\/strong><\/a>, l\u2019autora de la c\u00e0psula remarca la necessitat de generar, a l\u2019escola, situacions motivadores que afavoreixin l\u2019\u00fas del catal\u00e0 com a llengua d\u2019interacci\u00f3 entre l\u2019alumnat, per tal de garantir els seus drets ling\u00fc\u00edstics i assegurar que assoleixen una compet\u00e8ncia comunicativa s\u00f2lida.<\/p>\n<p>&nbsp;<\/p>\n","protected":false},"excerpt":{"rendered":"<p>En aquesta c\u00e0psula de reflexi\u00f3, a\u00a0partir dels resultats de diversos estudis i informes recents, Mireia Galindo palesa la import\u00e0ncia de garantir la pres\u00e8ncia i l\u2019\u00fas del catal\u00e0 a l\u2019escola, una llengua l\u2019\u00fas de la qual ha experimentat una davallada considerable, principalment a secund\u00e0ria, durant els darrers anys. En\u00a0aquest v\u00eddeo\u00a0i en\u00a0aquest article, l\u2019autora de la c\u00e0psula [&hellip;]<\/p>\n","protected":false},"author":1,"featured_media":0,"comment_status":"open","ping_status":"closed","sticky":false,"template":"","format":"standard","meta":{"_bbp_topic_count":0,"_bbp_reply_count":0,"_bbp_total_topic_count":0,"_bbp_total_reply_count":0,"_bbp_voice_count":0,"_bbp_anonymous_reply_count":0,"_bbp_topic_count_hidden":0,"_bbp_reply_count_hidden":0,"_bbp_forum_subforum_count":0,"site-sidebar-layout":"default","site-content-layout":"","ast-site-content-layout":"","site-content-style":"default","site-sidebar-style":"default","ast-global-header-display":"","ast-banner-title-visibility":"","ast-main-header-display":"","ast-hfb-above-header-display":"","ast-hfb-below-header-display":"","ast-hfb-mobile-header-display":"","site-post-title":"","ast-breadcrumbs-content":"","ast-featured-img":"","footer-sml-layout":"","theme-transparent-header-meta":"","adv-header-id-meta":"","stick-header-meta":"","header-above-stick-meta":"","header-main-stick-meta":"","header-below-stick-meta":"","astra-migrate-meta-layouts":"default","ast-page-background-enabled":"default","ast-page-background-meta":{"desktop":{"background-color":"var(--ast-global-color-4)","background-image":"","background-repeat":"repeat","background-position":"center center","background-size":"auto","background-attachment":"scroll","background-type":"","background-media":"","overlay-type":"","overlay-color":"","overlay-opacity":"","overlay-gradient":""},"tablet":{"background-color":"","background-image":"","background-repeat":"repeat","background-position":"center center","background-size":"auto","background-attachment":"scroll","background-type":"","background-media":"","overlay-type":"","overlay-color":"","overlay-opacity":"","overlay-gradient":""},"mobile":{"background-color":"","background-image":"","background-repeat":"repeat","background-position":"center center","background-size":"auto","background-attachment":"scroll","background-type":"","background-media":"","overlay-type":"","overlay-color":"","overlay-opacity":"","overlay-gradient":""}},"ast-content-background-meta":{"desktop":{"background-color":"var(--ast-global-color-5)","background-image":"","background-repeat":"repeat","background-position":"center center","background-size":"auto","background-attachment":"scroll","background-type":"","background-media":"","overlay-type":"","overlay-color":"","overlay-opacity":"","overlay-gradient":""},"tablet":{"background-color":"var(--ast-global-color-5)","background-image":"","background-repeat":"repeat","background-position":"center center","background-size":"auto","background-attachment":"scroll","background-type":"","background-media":"","overlay-type":"","overlay-color":"","overlay-opacity":"","overlay-gradient":""},"mobile":{"background-color":"var(--ast-global-color-5)","background-image":"","background-repeat":"repeat","background-position":"center center","background-size":"auto","background-attachment":"scroll","background-type":"","background-media":"","overlay-type":"","overlay-color":"","overlay-opacity":"","overlay-gradient":""}},"footnotes":""},"categories":[305,29],"tags":[350],"class_list":["post-9276","post","type-post","status-publish","format-standard","hentry","category-llengua","category-portada","tag-usos-linguistics"],"post_mailing_queue_ids":[],"_links":{"self":[{"href":"https:\/\/projectes.xtec.cat\/lic-cce\/wp-json\/wp\/v2\/posts\/9276","targetHints":{"allow":["GET"]}}],"collection":[{"href":"https:\/\/projectes.xtec.cat\/lic-cce\/wp-json\/wp\/v2\/posts"}],"about":[{"href":"https:\/\/projectes.xtec.cat\/lic-cce\/wp-json\/wp\/v2\/types\/post"}],"author":[{"embeddable":true,"href":"https:\/\/projectes.xtec.cat\/lic-cce\/wp-json\/wp\/v2\/users\/1"}],"replies":[{"embeddable":true,"href":"https:\/\/projectes.xtec.cat\/lic-cce\/wp-json\/wp\/v2\/comments?post=9276"}],"version-history":[{"count":1,"href":"https:\/\/projectes.xtec.cat\/lic-cce\/wp-json\/wp\/v2\/posts\/9276\/revisions"}],"predecessor-version":[{"id":9277,"href":"https:\/\/projectes.xtec.cat\/lic-cce\/wp-json\/wp\/v2\/posts\/9276\/revisions\/9277"}],"wp:attachment":[{"href":"https:\/\/projectes.xtec.cat\/lic-cce\/wp-json\/wp\/v2\/media?parent=9276"}],"wp:term":[{"taxonomy":"category","embeddable":true,"href":"https:\/\/projectes.xtec.cat\/lic-cce\/wp-json\/wp\/v2\/categories?post=9276"},{"taxonomy":"post_tag","embeddable":true,"href":"https:\/\/projectes.xtec.cat\/lic-cce\/wp-json\/wp\/v2\/tags?post=9276"}],"curies":[{"name":"wp","href":"https:\/\/api.w.org\/{rel}","templated":true}]}}