{"id":9283,"date":"2024-02-06T09:26:18","date_gmt":"2024-02-06T08:26:18","guid":{"rendered":"https:\/\/projectes.xtec.cat\/lic-cce\/?p=9283"},"modified":"2024-02-06T09:27:36","modified_gmt":"2024-02-06T08:27:36","slug":"llengues-dherencia-i-benestar-dels-parlants-el-nou-monografic-de-la-revista-linguapax","status":"publish","type":"post","link":"https:\/\/projectes.xtec.cat\/lic-cce\/portada\/llengues-dherencia-i-benestar-dels-parlants-el-nou-monografic-de-la-revista-linguapax\/","title":{"rendered":"Lleng\u00fces d&#8217;her\u00e8ncia i benestar dels parlants, el nou monogr\u00e0fic de la revista Linguapax"},"content":{"rendered":"<p><strong>L&#8217;Institut d&#8217;Estudis Catalans acollir\u00e0 la presentaci\u00f3 del n\u00famero 11 de la revista Linguapax el 20 de febrer de 2024 a les 18h<\/strong><\/p>\n<p><img loading=\"lazy\" decoding=\"async\" class=\"size-medium wp-image-9286 alignleft\" src=\"https:\/\/projectes.xtec.cat\/lic-cce\/wp-content\/uploads\/usu2122\/2024\/02\/Outlook-Cartell-Ll-212x300.jpg\" alt=\"Cartell de la presentaci\u00f3 del n\u00fam. 11 de la revista Linguapax\" width=\"212\" height=\"300\" srcset=\"https:\/\/projectes.xtec.cat\/lic-cce\/wp-content\/uploads\/usu2122\/2024\/02\/Outlook-Cartell-Ll-212x300.jpg 212w, https:\/\/projectes.xtec.cat\/lic-cce\/wp-content\/uploads\/usu2122\/2024\/02\/Outlook-Cartell-Ll-724x1024.jpg 724w, https:\/\/projectes.xtec.cat\/lic-cce\/wp-content\/uploads\/usu2122\/2024\/02\/Outlook-Cartell-Ll-768x1086.jpg 768w, https:\/\/projectes.xtec.cat\/lic-cce\/wp-content\/uploads\/usu2122\/2024\/02\/Outlook-Cartell-Ll-1086x1536.jpg 1086w, https:\/\/projectes.xtec.cat\/lic-cce\/wp-content\/uploads\/usu2122\/2024\/02\/Outlook-Cartell-Ll-1448x2048.jpg 1448w, https:\/\/projectes.xtec.cat\/lic-cce\/wp-content\/uploads\/usu2122\/2024\/02\/Outlook-Cartell-Ll.jpg 1587w\" sizes=\"auto, (max-width: 212px) 100vw, 212px\" \/>L&#8217;entitat sense \u00e0nima de lucre Linguapax International, constitu\u00efda a Catalunya l&#8217;any 2001, presentar\u00e0 el nou volum <em>Lleng\u00fces d&#8217;her\u00e8ncia i benestar dels parlants<\/em> que han coordinat els ling\u00fcistes Justyna Olko (Universitat de Warsaw a Vars\u00f2via) i Alexander Andrason (Universitat de Cape Town a Sud\u00e0frica). L&#8217;onz\u00e8 n\u00famero ha comptat tamb\u00e9 amb la participaci\u00f3 d&#8217;Enric Larreula (<a href=\"https:\/\/enriclarreula.cat\/book\/dolor-de-llengua\/\"><em>Dolor de llengua<\/em><\/a>) i Emili Boix (Universitat de Barcelona).<\/p>\n<p>La presidenta de Linguapax, M\u00f2nica Pere\u00f1a, ser\u00e0 l&#8217;encarregada d&#8217;obrir aquest acte a la seu de l&#8217;Institut d&#8217;Estudis Catalans que comptar\u00e0 amb pon\u00e8ncies d&#8217;Olko, Andrason, Larreula i Boix.<br \/>\nLa cloenda ser\u00e0 a c\u00e0rrec de Francesc Xavier Vila, Secretari de Pol\u00edtica Ling\u00fc\u00edstica de la Generalitat de Catalunya.<\/p>\n","protected":false},"excerpt":{"rendered":"<p>L&#8217;Institut d&#8217;Estudis Catalans acollir\u00e0 la presentaci\u00f3 del n\u00famero 11 de la revista Linguapax el 20 de febrer de 2024 a les 18h L&#8217;entitat sense \u00e0nima de lucre Linguapax International, constitu\u00efda a Catalunya l&#8217;any 2001, presentar\u00e0 el nou volum Lleng\u00fces d&#8217;her\u00e8ncia i benestar dels parlants que han coordinat els ling\u00fcistes Justyna Olko (Universitat de Warsaw a [&hellip;]<\/p>\n","protected":false},"author":1,"featured_media":0,"comment_status":"open","ping_status":"closed","sticky":false,"template":"","format":"standard","meta":{"_bbp_topic_count":0,"_bbp_reply_count":0,"_bbp_total_topic_count":0,"_bbp_total_reply_count":0,"_bbp_voice_count":0,"_bbp_anonymous_reply_count":0,"_bbp_topic_count_hidden":0,"_bbp_reply_count_hidden":0,"_bbp_forum_subforum_count":0,"site-sidebar-layout":"default","site-content-layout":"","ast-site-content-layout":"","site-content-style":"default","site-sidebar-style":"default","ast-global-header-display":"","ast-banner-title-visibility":"","ast-main-header-display":"","ast-hfb-above-header-display":"","ast-hfb-below-header-display":"","ast-hfb-mobile-header-display":"","site-post-title":"","ast-breadcrumbs-content":"","ast-featured-img":"","footer-sml-layout":"","theme-transparent-header-meta":"","adv-header-id-meta":"","stick-header-meta":"","header-above-stick-meta":"","header-main-stick-meta":"","header-below-stick-meta":"","astra-migrate-meta-layouts":"default","ast-page-background-enabled":"default","ast-page-background-meta":{"desktop":{"background-color":"var(--ast-global-color-4)","background-image":"","background-repeat":"repeat","background-position":"center center","background-size":"auto","background-attachment":"scroll","background-type":"","background-media":"","overlay-type":"","overlay-color":"","overlay-opacity":"","overlay-gradient":""},"tablet":{"background-color":"","background-image":"","background-repeat":"repeat","background-position":"center center","background-size":"auto","background-attachment":"scroll","background-type":"","background-media":"","overlay-type":"","overlay-color":"","overlay-opacity":"","overlay-gradient":""},"mobile":{"background-color":"","background-image":"","background-repeat":"repeat","background-position":"center center","background-size":"auto","background-attachment":"scroll","background-type":"","background-media":"","overlay-type":"","overlay-color":"","overlay-opacity":"","overlay-gradient":""}},"ast-content-background-meta":{"desktop":{"background-color":"var(--ast-global-color-5)","background-image":"","background-repeat":"repeat","background-position":"center center","background-size":"auto","background-attachment":"scroll","background-type":"","background-media":"","overlay-type":"","overlay-color":"","overlay-opacity":"","overlay-gradient":""},"tablet":{"background-color":"var(--ast-global-color-5)","background-image":"","background-repeat":"repeat","background-position":"center center","background-size":"auto","background-attachment":"scroll","background-type":"","background-media":"","overlay-type":"","overlay-color":"","overlay-opacity":"","overlay-gradient":""},"mobile":{"background-color":"var(--ast-global-color-5)","background-image":"","background-repeat":"repeat","background-position":"center center","background-size":"auto","background-attachment":"scroll","background-type":"","background-media":"","overlay-type":"","overlay-color":"","overlay-opacity":"","overlay-gradient":""}},"footnotes":""},"categories":[305,29],"tags":[289,331,362,344],"class_list":["post-9283","post","type-post","status-publish","format-standard","hentry","category-llengua","category-portada","tag-aprendre-llengua-l2","tag-llengua","tag-llengua-materna","tag-llengua-oral"],"post_mailing_queue_ids":[],"_links":{"self":[{"href":"https:\/\/projectes.xtec.cat\/lic-cce\/wp-json\/wp\/v2\/posts\/9283","targetHints":{"allow":["GET"]}}],"collection":[{"href":"https:\/\/projectes.xtec.cat\/lic-cce\/wp-json\/wp\/v2\/posts"}],"about":[{"href":"https:\/\/projectes.xtec.cat\/lic-cce\/wp-json\/wp\/v2\/types\/post"}],"author":[{"embeddable":true,"href":"https:\/\/projectes.xtec.cat\/lic-cce\/wp-json\/wp\/v2\/users\/1"}],"replies":[{"embeddable":true,"href":"https:\/\/projectes.xtec.cat\/lic-cce\/wp-json\/wp\/v2\/comments?post=9283"}],"version-history":[{"count":3,"href":"https:\/\/projectes.xtec.cat\/lic-cce\/wp-json\/wp\/v2\/posts\/9283\/revisions"}],"predecessor-version":[{"id":9289,"href":"https:\/\/projectes.xtec.cat\/lic-cce\/wp-json\/wp\/v2\/posts\/9283\/revisions\/9289"}],"wp:attachment":[{"href":"https:\/\/projectes.xtec.cat\/lic-cce\/wp-json\/wp\/v2\/media?parent=9283"}],"wp:term":[{"taxonomy":"category","embeddable":true,"href":"https:\/\/projectes.xtec.cat\/lic-cce\/wp-json\/wp\/v2\/categories?post=9283"},{"taxonomy":"post_tag","embeddable":true,"href":"https:\/\/projectes.xtec.cat\/lic-cce\/wp-json\/wp\/v2\/tags?post=9283"}],"curies":[{"name":"wp","href":"https:\/\/api.w.org\/{rel}","templated":true}]}}