{"id":9354,"date":"2024-03-21T12:09:08","date_gmt":"2024-03-21T11:09:08","guid":{"rendered":"https:\/\/projectes.xtec.cat\/lic-cce\/?p=9354"},"modified":"2024-03-21T12:09:08","modified_gmt":"2024-03-21T11:09:08","slug":"dia-mundial-de-la-poesia-2024","status":"publish","type":"post","link":"https:\/\/projectes.xtec.cat\/lic-cce\/portada\/dia-mundial-de-la-poesia-2024\/","title":{"rendered":"Dia Mundial de la Poesia 2024"},"content":{"rendered":"<p>El dia 21 de mar\u00e7 se celebra el Dia Mundial de la Poesia. Enguany, coincidint amb la celebraci\u00f3 de l\u2019Any Estell\u00e9s, la\u00a0<a href=\"https:\/\/cultura.gencat.cat\/ca\/ilc\/inici\/index.html\" target=\"_blank\" rel=\"noopener\"><strong>Instituci\u00f3 de les Lletres Catalanes<\/strong><\/a>\u00a0i la\u00a0<a href=\"https:\/\/www.fcacu-unesco.org\/\" target=\"_blank\" rel=\"noopener\"><strong>Federaci\u00f3 Catalana d\u2019Associacions i Clubs Unesco<\/strong><\/a> han triat el poema \u201cM\u2019he estimat molt la vida\u201d del poeta valenci\u00e0 Vicent Andr\u00e9s Estell\u00e9s com a eix central de la celebraci\u00f3:<\/p>\n<p><img loading=\"lazy\" decoding=\"async\" class=\"size-medium wp-image-9355 aligncenter\" src=\"https:\/\/projectes.xtec.cat\/lic-cce\/wp-content\/uploads\/usu2122\/2024\/03\/poema-232x300.jpg\" alt=\"\" width=\"232\" height=\"300\" srcset=\"https:\/\/projectes.xtec.cat\/lic-cce\/wp-content\/uploads\/usu2122\/2024\/03\/poema-232x300.jpg 232w, https:\/\/projectes.xtec.cat\/lic-cce\/wp-content\/uploads\/usu2122\/2024\/03\/poema.jpg 321w\" sizes=\"auto, (max-width: 232px) 100vw, 232px\" \/><\/p>\n<p>Us compartim el <a href=\"https:\/\/repositori.educacio.gencat.cat\/handle\/20.500.12694\/5717#page=2\" target=\"_blank\" rel=\"noopener\"><strong>repositori<\/strong><\/a> amb propostes did\u00e0ctiques per poder treballar a l\u2019aula i les traduccions del poema \u201cM\u2019he estimat molt la vida\u201d a diverses lleng\u00fces \u2013<a href=\"https:\/\/projectes.xtec.cat\/acollidasuport\/wp-content\/uploads\/usu2169\/2024\/03\/DMP24-amazic.pdf\" target=\"_blank\" rel=\"noopener\"><strong>amazic<\/strong><\/a>,\u00a0<a href=\"https:\/\/projectes.xtec.cat\/acollidasuport\/wp-content\/uploads\/usu2169\/2024\/03\/DMP24-arab.pdf\" target=\"_blank\" rel=\"noopener\"><strong>\u00e0rab<\/strong><\/a>,\u00a0<a href=\"https:\/\/projectes.xtec.cat\/acollidasuport\/wp-content\/uploads\/usu2169\/2024\/03\/DMP24-panjabi.pdf\" target=\"_blank\" rel=\"noopener\"><strong>panjabi<\/strong><\/a>,<a href=\"https:\/\/projectes.xtec.cat\/acollidasuport\/wp-content\/uploads\/usu2169\/2024\/03\/DMP24-ucraines.pdf\" target=\"_blank\" rel=\"noopener\"><strong>\u00a0ucra\u00efn\u00e8s<\/strong><\/a>,\u00a0<a href=\"https:\/\/projectes.xtec.cat\/acollidasuport\/wp-content\/uploads\/usu2169\/2024\/03\/DMP24-urdu.pdf\" target=\"_blank\" rel=\"noopener\"><strong>urd\u00fa<\/strong><\/a>,\u00a0<a href=\"https:\/\/projectes.xtec.cat\/acollidasuport\/wp-content\/uploads\/usu2169\/2024\/03\/DMP24-wolof.pdf\" target=\"_blank\" rel=\"noopener\"><strong>w\u00f2lof<\/strong><\/a>\u00a0i\u00a0<a href=\"https:\/\/projectes.xtec.cat\/acollidasuport\/wp-content\/uploads\/usu2169\/2024\/03\/DMP24-xines.pdf\" target=\"_blank\" rel=\"noopener\"><strong>xin\u00e8s<\/strong><\/a>-,\u00a0 perqu\u00e8 les pugueu compartir i treballar amb el vostre alumnat.<\/p>\n<p><iframe loading=\"lazy\" title=\"&lt;T\u00edtulo&gt;\" src=\"https:\/\/repositori.educacio.gencat.cat\/handle\/20.500.12694\/5717\" width=\"400\" height=\"300\" frameborder=\"0\" marginwidth=\"0\" marginheight=\"0\" scrolling=\"no\" allowfullscreen=\"allowfullscreen\"><\/iframe><\/p>\n","protected":false},"excerpt":{"rendered":"<p>El dia 21 de mar\u00e7 se celebra el Dia Mundial de la Poesia. Enguany, coincidint amb la celebraci\u00f3 de l\u2019Any Estell\u00e9s, la\u00a0Instituci\u00f3 de les Lletres Catalanes\u00a0i la\u00a0Federaci\u00f3 Catalana d\u2019Associacions i Clubs Unesco han triat el poema \u201cM\u2019he estimat molt la vida\u201d del poeta valenci\u00e0 Vicent Andr\u00e9s Estell\u00e9s com a eix central de la celebraci\u00f3: Us [&hellip;]<\/p>\n","protected":false},"author":1,"featured_media":0,"comment_status":"open","ping_status":"closed","sticky":false,"template":"","format":"standard","meta":{"_bbp_topic_count":0,"_bbp_reply_count":0,"_bbp_total_topic_count":0,"_bbp_total_reply_count":0,"_bbp_voice_count":0,"_bbp_anonymous_reply_count":0,"_bbp_topic_count_hidden":0,"_bbp_reply_count_hidden":0,"_bbp_forum_subforum_count":0,"site-sidebar-layout":"default","site-content-layout":"","ast-site-content-layout":"","site-content-style":"default","site-sidebar-style":"default","ast-global-header-display":"","ast-banner-title-visibility":"","ast-main-header-display":"","ast-hfb-above-header-display":"","ast-hfb-below-header-display":"","ast-hfb-mobile-header-display":"","site-post-title":"","ast-breadcrumbs-content":"","ast-featured-img":"","footer-sml-layout":"","theme-transparent-header-meta":"","adv-header-id-meta":"","stick-header-meta":"","header-above-stick-meta":"","header-main-stick-meta":"","header-below-stick-meta":"","astra-migrate-meta-layouts":"default","ast-page-background-enabled":"default","ast-page-background-meta":{"desktop":{"background-color":"var(--ast-global-color-4)","background-image":"","background-repeat":"repeat","background-position":"center center","background-size":"auto","background-attachment":"scroll","background-type":"","background-media":"","overlay-type":"","overlay-color":"","overlay-opacity":"","overlay-gradient":""},"tablet":{"background-color":"","background-image":"","background-repeat":"repeat","background-position":"center center","background-size":"auto","background-attachment":"scroll","background-type":"","background-media":"","overlay-type":"","overlay-color":"","overlay-opacity":"","overlay-gradient":""},"mobile":{"background-color":"","background-image":"","background-repeat":"repeat","background-position":"center center","background-size":"auto","background-attachment":"scroll","background-type":"","background-media":"","overlay-type":"","overlay-color":"","overlay-opacity":"","overlay-gradient":""}},"ast-content-background-meta":{"desktop":{"background-color":"var(--ast-global-color-5)","background-image":"","background-repeat":"repeat","background-position":"center center","background-size":"auto","background-attachment":"scroll","background-type":"","background-media":"","overlay-type":"","overlay-color":"","overlay-opacity":"","overlay-gradient":""},"tablet":{"background-color":"var(--ast-global-color-5)","background-image":"","background-repeat":"repeat","background-position":"center center","background-size":"auto","background-attachment":"scroll","background-type":"","background-media":"","overlay-type":"","overlay-color":"","overlay-opacity":"","overlay-gradient":""},"mobile":{"background-color":"var(--ast-global-color-5)","background-image":"","background-repeat":"repeat","background-position":"center center","background-size":"auto","background-attachment":"scroll","background-type":"","background-media":"","overlay-type":"","overlay-color":"","overlay-opacity":"","overlay-gradient":""}},"footnotes":""},"categories":[29],"tags":[],"class_list":["post-9354","post","type-post","status-publish","format-standard","hentry","category-portada"],"post_mailing_queue_ids":[],"_links":{"self":[{"href":"https:\/\/projectes.xtec.cat\/lic-cce\/wp-json\/wp\/v2\/posts\/9354","targetHints":{"allow":["GET"]}}],"collection":[{"href":"https:\/\/projectes.xtec.cat\/lic-cce\/wp-json\/wp\/v2\/posts"}],"about":[{"href":"https:\/\/projectes.xtec.cat\/lic-cce\/wp-json\/wp\/v2\/types\/post"}],"author":[{"embeddable":true,"href":"https:\/\/projectes.xtec.cat\/lic-cce\/wp-json\/wp\/v2\/users\/1"}],"replies":[{"embeddable":true,"href":"https:\/\/projectes.xtec.cat\/lic-cce\/wp-json\/wp\/v2\/comments?post=9354"}],"version-history":[{"count":1,"href":"https:\/\/projectes.xtec.cat\/lic-cce\/wp-json\/wp\/v2\/posts\/9354\/revisions"}],"predecessor-version":[{"id":9356,"href":"https:\/\/projectes.xtec.cat\/lic-cce\/wp-json\/wp\/v2\/posts\/9354\/revisions\/9356"}],"wp:attachment":[{"href":"https:\/\/projectes.xtec.cat\/lic-cce\/wp-json\/wp\/v2\/media?parent=9354"}],"wp:term":[{"taxonomy":"category","embeddable":true,"href":"https:\/\/projectes.xtec.cat\/lic-cce\/wp-json\/wp\/v2\/categories?post=9354"},{"taxonomy":"post_tag","embeddable":true,"href":"https:\/\/projectes.xtec.cat\/lic-cce\/wp-json\/wp\/v2\/tags?post=9354"}],"curies":[{"name":"wp","href":"https:\/\/api.w.org\/{rel}","templated":true}]}}