{"id":9374,"date":"2024-04-25T10:25:12","date_gmt":"2024-04-25T08:25:12","guid":{"rendered":"https:\/\/projectes.xtec.cat\/lic-cce\/?p=9374"},"modified":"2025-07-03T09:22:44","modified_gmt":"2025-07-03T07:22:44","slug":"la-formacio-repte-connecta-que-els-pee-han-impulsat-per-enfortir-la-xarxa-comunitaria-i-millorar-lexit-educatiu-dels-infants-i-joves-per-enfortir-la-xarxa-comunitaria-i-mill","status":"publish","type":"post","link":"https:\/\/projectes.xtec.cat\/lic-cce\/portada\/la-formacio-repte-connecta-que-els-pee-han-impulsat-per-enfortir-la-xarxa-comunitaria-i-millorar-lexit-educatiu-dels-infants-i-joves-per-enfortir-la-xarxa-comunitaria-i-mill\/","title":{"rendered":"La formaci\u00f3 \u201cRepte connecta\u201d que els PEE han impulsat per enfortir la xarxa comunit\u00e0ria i millorar l\u2019\u00e8xit educatiu dels infants i joves."},"content":{"rendered":"<p>Durant aquest curs escolar s&#8217;ha portat a terme <strong>&#8220;Repte connecta&#8221;,<\/strong> la formaci\u00f3 que el Servei de Suport a la Comunitat Educativa ha impulsat per enfortir la xarxa dels Plans educatius d\u2019entorn arreu del territori.<\/p>\n<p>La formaci\u00f3 ha tingut com a objectiu donar bases metodol\u00f2giques per potenciar i consolidar la xarxa educativa dels agents que formen part dels plans educatius d\u2019entorn. La import\u00e0ncia de connectar els professionals que treballen per a generar oportunitats educatives \u00e9s la base necess\u00e0ria per a una bona gesti\u00f3 i creaci\u00f3 de les activitats en l\u2019\u00e0mbit del fora escola que s\u2019ofereixen als municipis. En aquesta formaci\u00f3 es generen espais de reflexi\u00f3 i oportunitats de compartir experi\u00e8ncies. Un dels aspectes rellevants de la formaci\u00f3 incideix en la creaci\u00f3 de propostes innovadores que potenci\u00efn els vincles amb els centres educatius com a espais motors de la detecci\u00f3 de les necessitats d\u2019infants i joves en situaci\u00f3 de vulnerabilitat i potencials usuaris de les activitats que es promouen. El coneixement de l\u2019entorn en cada territori PEE i la potencialitat de que es disposa a nivell hum\u00e0 \u00e9s clau per enfortir la xarxa comunit\u00e0ria i la creaci\u00f3 de les diferents actuacions del pla educatiu d\u2019entorn.<\/p>\n<p>Aquest dimecres 17 d\u2019abril va acabar la primera edici\u00f3, a c\u00e0rrec del formador Marcelo Atilio Lasagna, i en la qual hi han participat els PEE de Manresa, Bages Sud, Les Borges Blanques, Olot, Sant Cugat del Vall\u00e8s i Santa Coloma de Gramenet<\/p>\n<p>La segona ja est\u00e0 en marxa en els PEE de Montcada i Reixac, Igualada, Salt, Balaguer i Ma\u00e7anet de la Selva.<\/p>\n<table style=\"border-collapse: collapse; width: 100%;\">\n<tbody>\n<tr>\n<td style=\"width: 33.3333%;\"><img loading=\"lazy\" decoding=\"async\" class=\"aligncenter size-medium wp-image-9383\" src=\"https:\/\/projectes.xtec.cat\/lic-cce\/wp-content\/uploads\/usu2122\/2024\/04\/Connecta-1-768x440-1-300x172.jpg\" alt=\"\" width=\"300\" height=\"172\" srcset=\"https:\/\/projectes.xtec.cat\/lic-cce\/wp-content\/uploads\/usu2122\/2024\/04\/Connecta-1-768x440-1-300x172.jpg 300w, https:\/\/projectes.xtec.cat\/lic-cce\/wp-content\/uploads\/usu2122\/2024\/04\/Connecta-1-768x440-1.jpg 768w\" sizes=\"auto, (max-width: 300px) 100vw, 300px\" \/><\/td>\n<td style=\"width: 33.3333%;\"><img loading=\"lazy\" decoding=\"async\" class=\"aligncenter size-medium wp-image-9382\" src=\"https:\/\/projectes.xtec.cat\/lic-cce\/wp-content\/uploads\/usu2122\/2024\/04\/Connecta-2-768x469-1-300x183.jpg\" alt=\"\" width=\"300\" height=\"183\" srcset=\"https:\/\/projectes.xtec.cat\/lic-cce\/wp-content\/uploads\/usu2122\/2024\/04\/Connecta-2-768x469-1-300x183.jpg 300w, https:\/\/projectes.xtec.cat\/lic-cce\/wp-content\/uploads\/usu2122\/2024\/04\/Connecta-2-768x469-1.jpg 768w\" sizes=\"auto, (max-width: 300px) 100vw, 300px\" \/><\/td>\n<td style=\"width: 33.3333%;\"><img loading=\"lazy\" decoding=\"async\" class=\"aligncenter size-medium wp-image-9381\" src=\"https:\/\/projectes.xtec.cat\/lic-cce\/wp-content\/uploads\/usu2122\/2024\/04\/Connecta-3-768x500-1-300x195.jpg\" alt=\"\" width=\"300\" height=\"195\" srcset=\"https:\/\/projectes.xtec.cat\/lic-cce\/wp-content\/uploads\/usu2122\/2024\/04\/Connecta-3-768x500-1-300x195.jpg 300w, https:\/\/projectes.xtec.cat\/lic-cce\/wp-content\/uploads\/usu2122\/2024\/04\/Connecta-3-768x500-1.jpg 768w\" sizes=\"auto, (max-width: 300px) 100vw, 300px\" \/><\/td>\n<\/tr>\n<tr>\n<td style=\"width: 33.3333%;\"><img loading=\"lazy\" decoding=\"async\" class=\"aligncenter size-medium wp-image-9380\" src=\"https:\/\/projectes.xtec.cat\/lic-cce\/wp-content\/uploads\/usu2122\/2024\/04\/Connecta-4-768x452-1-300x177.jpg\" alt=\"\" width=\"300\" height=\"177\" srcset=\"https:\/\/projectes.xtec.cat\/lic-cce\/wp-content\/uploads\/usu2122\/2024\/04\/Connecta-4-768x452-1-300x177.jpg 300w, https:\/\/projectes.xtec.cat\/lic-cce\/wp-content\/uploads\/usu2122\/2024\/04\/Connecta-4-768x452-1.jpg 768w\" sizes=\"auto, (max-width: 300px) 100vw, 300px\" \/><\/td>\n<td style=\"width: 33.3333%;\"><img loading=\"lazy\" decoding=\"async\" class=\"aligncenter size-medium wp-image-9379\" src=\"https:\/\/projectes.xtec.cat\/lic-cce\/wp-content\/uploads\/usu2122\/2024\/04\/Connecta-5-768x422-1-300x165.jpg\" alt=\"\" width=\"300\" height=\"165\" srcset=\"https:\/\/projectes.xtec.cat\/lic-cce\/wp-content\/uploads\/usu2122\/2024\/04\/Connecta-5-768x422-1-300x165.jpg 300w, https:\/\/projectes.xtec.cat\/lic-cce\/wp-content\/uploads\/usu2122\/2024\/04\/Connecta-5-768x422-1.jpg 768w\" sizes=\"auto, (max-width: 300px) 100vw, 300px\" \/><\/td>\n<td style=\"width: 33.3333%;\"><img loading=\"lazy\" decoding=\"async\" class=\"aligncenter size-medium wp-image-9377\" src=\"https:\/\/projectes.xtec.cat\/lic-cce\/wp-content\/uploads\/usu2122\/2024\/04\/Connecta-7-300x203.jpg\" alt=\"\" width=\"300\" height=\"203\" srcset=\"https:\/\/projectes.xtec.cat\/lic-cce\/wp-content\/uploads\/usu2122\/2024\/04\/Connecta-7-300x203.jpg 300w, https:\/\/projectes.xtec.cat\/lic-cce\/wp-content\/uploads\/usu2122\/2024\/04\/Connecta-7.jpg 612w\" sizes=\"auto, (max-width: 300px) 100vw, 300px\" \/><\/td>\n<\/tr>\n<\/tbody>\n<\/table>\n","protected":false},"excerpt":{"rendered":"<p>Durant aquest curs escolar s&#8217;ha portat a terme &#8220;Repte connecta&#8221;, la formaci\u00f3 que el Servei de Suport a la Comunitat Educativa ha impulsat per enfortir la xarxa dels Plans educatius d\u2019entorn arreu del territori. La formaci\u00f3 ha tingut com a objectiu donar bases metodol\u00f2giques per potenciar i consolidar la xarxa educativa dels agents que formen [&hellip;]<\/p>\n","protected":false},"author":1,"featured_media":0,"comment_status":"open","ping_status":"closed","sticky":false,"template":"","format":"standard","meta":{"_bbp_topic_count":0,"_bbp_reply_count":0,"_bbp_total_topic_count":0,"_bbp_total_reply_count":0,"_bbp_voice_count":0,"_bbp_anonymous_reply_count":0,"_bbp_topic_count_hidden":0,"_bbp_reply_count_hidden":0,"_bbp_forum_subforum_count":0,"site-sidebar-layout":"default","site-content-layout":"","ast-site-content-layout":"default","site-content-style":"default","site-sidebar-style":"default","ast-global-header-display":"","ast-banner-title-visibility":"","ast-main-header-display":"","ast-hfb-above-header-display":"","ast-hfb-below-header-display":"","ast-hfb-mobile-header-display":"","site-post-title":"","ast-breadcrumbs-content":"","ast-featured-img":"","footer-sml-layout":"","theme-transparent-header-meta":"","adv-header-id-meta":"","stick-header-meta":"","header-above-stick-meta":"","header-main-stick-meta":"","header-below-stick-meta":"","astra-migrate-meta-layouts":"set","ast-page-background-enabled":"default","ast-page-background-meta":{"desktop":{"background-color":"var(--ast-global-color-4)","background-image":"","background-repeat":"repeat","background-position":"center center","background-size":"auto","background-attachment":"scroll","background-type":"","background-media":"","overlay-type":"","overlay-color":"","overlay-opacity":"","overlay-gradient":""},"tablet":{"background-color":"","background-image":"","background-repeat":"repeat","background-position":"center center","background-size":"auto","background-attachment":"scroll","background-type":"","background-media":"","overlay-type":"","overlay-color":"","overlay-opacity":"","overlay-gradient":""},"mobile":{"background-color":"","background-image":"","background-repeat":"repeat","background-position":"center center","background-size":"auto","background-attachment":"scroll","background-type":"","background-media":"","overlay-type":"","overlay-color":"","overlay-opacity":"","overlay-gradient":""}},"ast-content-background-meta":{"desktop":{"background-color":"var(--ast-global-color-5)","background-image":"","background-repeat":"repeat","background-position":"center center","background-size":"auto","background-attachment":"scroll","background-type":"","background-media":"","overlay-type":"","overlay-color":"","overlay-opacity":"","overlay-gradient":""},"tablet":{"background-color":"var(--ast-global-color-5)","background-image":"","background-repeat":"repeat","background-position":"center center","background-size":"auto","background-attachment":"scroll","background-type":"","background-media":"","overlay-type":"","overlay-color":"","overlay-opacity":"","overlay-gradient":""},"mobile":{"background-color":"var(--ast-global-color-5)","background-image":"","background-repeat":"repeat","background-position":"center center","background-size":"auto","background-attachment":"scroll","background-type":"","background-media":"","overlay-type":"","overlay-color":"","overlay-opacity":"","overlay-gradient":""}},"footnotes":""},"categories":[412,29],"tags":[327,404],"class_list":["post-9374","post","type-post","status-publish","format-standard","hentry","category-plans-educatius-dentorn","category-portada","tag-pee","tag-xarxa"],"post_mailing_queue_ids":[],"_links":{"self":[{"href":"https:\/\/projectes.xtec.cat\/lic-cce\/wp-json\/wp\/v2\/posts\/9374","targetHints":{"allow":["GET"]}}],"collection":[{"href":"https:\/\/projectes.xtec.cat\/lic-cce\/wp-json\/wp\/v2\/posts"}],"about":[{"href":"https:\/\/projectes.xtec.cat\/lic-cce\/wp-json\/wp\/v2\/types\/post"}],"author":[{"embeddable":true,"href":"https:\/\/projectes.xtec.cat\/lic-cce\/wp-json\/wp\/v2\/users\/1"}],"replies":[{"embeddable":true,"href":"https:\/\/projectes.xtec.cat\/lic-cce\/wp-json\/wp\/v2\/comments?post=9374"}],"version-history":[{"count":3,"href":"https:\/\/projectes.xtec.cat\/lic-cce\/wp-json\/wp\/v2\/posts\/9374\/revisions"}],"predecessor-version":[{"id":9806,"href":"https:\/\/projectes.xtec.cat\/lic-cce\/wp-json\/wp\/v2\/posts\/9374\/revisions\/9806"}],"wp:attachment":[{"href":"https:\/\/projectes.xtec.cat\/lic-cce\/wp-json\/wp\/v2\/media?parent=9374"}],"wp:term":[{"taxonomy":"category","embeddable":true,"href":"https:\/\/projectes.xtec.cat\/lic-cce\/wp-json\/wp\/v2\/categories?post=9374"},{"taxonomy":"post_tag","embeddable":true,"href":"https:\/\/projectes.xtec.cat\/lic-cce\/wp-json\/wp\/v2\/tags?post=9374"}],"curies":[{"name":"wp","href":"https:\/\/api.w.org\/{rel}","templated":true}]}}