{"id":9387,"date":"2024-05-13T08:24:38","date_gmt":"2024-05-13T06:24:38","guid":{"rendered":"https:\/\/projectes.xtec.cat\/lic-cce\/?p=9387"},"modified":"2025-07-03T08:56:44","modified_gmt":"2025-07-03T06:56:44","slug":"matinal-formativa-ensenyes-catala-el-joc-com-a-recurs-per-aprendre-la-llengua","status":"publish","type":"post","link":"https:\/\/projectes.xtec.cat\/lic-cce\/portada\/matinal-formativa-ensenyes-catala-el-joc-com-a-recurs-per-aprendre-la-llengua\/","title":{"rendered":"Matinal formativa \u201cEnsenyes catal\u00e0? El joc com a recurs per aprendre la llengua\u201d"},"content":{"rendered":"<p>Divendres 10 de maig es va portar a terme la segona edici\u00f3 de la matinal formativa \u201cEnsenyes catal\u00e0?\u201d, dirigida a tots els professionals de la ciutat que ensenyen catal\u00e0 tant a persones adultes com a infants de la ciutat de Vic, organitzada per la Comissi\u00f3 Ling\u00fc\u00edstica de Vic. Hi van assistir 60 persones.<\/p>\n<p>Enguany, la matinal es va emmarcar en el tema del joc i la llengua, amb el t\u00edtol \u201cEl joc com a recurs per aprendre la llengua\u201d, i va comen\u00e7ar amb una xerrada introduct\u00f2ria a c\u00e0rrec d\u2019Aleix Blancafort, creador d\u2019Enjok; una taula on es van presentar diferents experi\u00e8ncies com \u201cJuguem en catal\u00e0\u201d, del Pla educatiu d\u2019entorn de Vic; \u201cLa maleta de jocs: jugar i parlar tot \u00e9s comen\u00e7ar\u201d, de V\u00edctor Baroja i Benlliure, i \u201cL\u2019Scrabble, una eina de pa\u00eds\u201d de la Federaci\u00f3 Internacional de Scrabble en Catal\u00e0.<\/p>\n<p>Despr\u00e9s d\u2019una petita pausa, es va iniciar la segona part de la jornada, m\u00e9s pr\u00e0ctica, amb un taller de jocs de llengua per jugar i aprendre, impartit per Llenguajocs.<\/p>\n<p>La jornada va estar inaugurada per la N\u00faria Homs, regidora de Benestar i Fam\u00edlia de l\u2019Ajuntament de Vic, que va ressaltar la feina de la Comissi\u00f3 Ling\u00fc\u00edstica de Vic, que fa m\u00e9s de 10 anys que treballa de forma constant i perseverant, i va incidir en un dels nous reptes de l\u2019Ajuntament de Vic: preservar la llengua catalana i fer-ne milit\u00e0ncia, que es dur\u00e0 a terme mitjan\u00e7ant el Pla d\u2019Acci\u00f3 per la Llengua, el qual inclou diferents l\u00ednies de treball com ara cl\u00e0usules ling\u00fc\u00edstiques a les subvencions, b\u00fastia de den\u00fancies per vulneraci\u00f3 dels drets ling\u00fc\u00edstics, s\u00edndic per la llengua, enquestes per con\u00e8ixer els usos ling\u00fc\u00edstics, formacions, i auditories de llengua a les empreses, entre altres.<\/p>\n<p>La finalitzaci\u00f3 de la jornada va anar a c\u00e0rrec d\u2019Assumpta Grabolosa, directora del Centre de Normalitzaci\u00f3 Ling\u00fc\u00edstica d\u2019Osona, que va convidar a tots els participants a assistir el proper 28 de maig a la jornada \u201cJuguem en catal\u00e0\u201d, organitzada per la Comissi\u00f3 Ling\u00fc\u00edstica de Vic, en qu\u00e8 aprenents de catal\u00e0 de la ciutat podran gaudir d\u2019un mat\u00ed d\u2019aprenentatge del catal\u00e0 a trav\u00e9s del joc.<\/p>\n<table style=\"border-collapse: collapse; width: 100%;\">\n<tbody>\n<tr>\n<td style=\"width: 33.3333%;\"><img loading=\"lazy\" decoding=\"async\" class=\"aligncenter size-medium wp-image-9388\" src=\"https:\/\/projectes.xtec.cat\/lic-cce\/wp-content\/uploads\/usu2122\/2024\/05\/WhatsApp-Image-2024-05-10-at-13.56.10-225x300.jpeg\" alt=\"\" width=\"225\" height=\"300\" srcset=\"https:\/\/projectes.xtec.cat\/lic-cce\/wp-content\/uploads\/usu2122\/2024\/05\/WhatsApp-Image-2024-05-10-at-13.56.10-225x300.jpeg 225w, https:\/\/projectes.xtec.cat\/lic-cce\/wp-content\/uploads\/usu2122\/2024\/05\/WhatsApp-Image-2024-05-10-at-13.56.10-768x1024.jpeg 768w, https:\/\/projectes.xtec.cat\/lic-cce\/wp-content\/uploads\/usu2122\/2024\/05\/WhatsApp-Image-2024-05-10-at-13.56.10-1152x1536.jpeg 1152w, https:\/\/projectes.xtec.cat\/lic-cce\/wp-content\/uploads\/usu2122\/2024\/05\/WhatsApp-Image-2024-05-10-at-13.56.10.jpeg 1536w\" sizes=\"auto, (max-width: 225px) 100vw, 225px\" \/><\/td>\n<td style=\"width: 33.3333%;\"><img loading=\"lazy\" decoding=\"async\" class=\"aligncenter size-medium wp-image-9389\" src=\"https:\/\/projectes.xtec.cat\/lic-cce\/wp-content\/uploads\/usu2122\/2024\/05\/WhatsApp-Image-2024-05-10-at-10.20.14-225x300.jpeg\" alt=\"\" width=\"225\" height=\"300\" srcset=\"https:\/\/projectes.xtec.cat\/lic-cce\/wp-content\/uploads\/usu2122\/2024\/05\/WhatsApp-Image-2024-05-10-at-10.20.14-225x300.jpeg 225w, https:\/\/projectes.xtec.cat\/lic-cce\/wp-content\/uploads\/usu2122\/2024\/05\/WhatsApp-Image-2024-05-10-at-10.20.14-768x1024.jpeg 768w, https:\/\/projectes.xtec.cat\/lic-cce\/wp-content\/uploads\/usu2122\/2024\/05\/WhatsApp-Image-2024-05-10-at-10.20.14-1152x1536.jpeg 1152w, https:\/\/projectes.xtec.cat\/lic-cce\/wp-content\/uploads\/usu2122\/2024\/05\/WhatsApp-Image-2024-05-10-at-10.20.14.jpeg 1200w\" sizes=\"auto, (max-width: 225px) 100vw, 225px\" \/><\/td>\n<td style=\"width: 33.3333%;\"><img loading=\"lazy\" decoding=\"async\" class=\"aligncenter size-medium wp-image-9390\" src=\"https:\/\/projectes.xtec.cat\/lic-cce\/wp-content\/uploads\/usu2122\/2024\/05\/1-298x300.jpg\" alt=\"\" width=\"298\" height=\"300\" srcset=\"https:\/\/projectes.xtec.cat\/lic-cce\/wp-content\/uploads\/usu2122\/2024\/05\/1-298x300.jpg 298w, https:\/\/projectes.xtec.cat\/lic-cce\/wp-content\/uploads\/usu2122\/2024\/05\/1-1016x1024.jpg 1016w, https:\/\/projectes.xtec.cat\/lic-cce\/wp-content\/uploads\/usu2122\/2024\/05\/1-150x150.jpg 150w, https:\/\/projectes.xtec.cat\/lic-cce\/wp-content\/uploads\/usu2122\/2024\/05\/1-768x774.jpg 768w, https:\/\/projectes.xtec.cat\/lic-cce\/wp-content\/uploads\/usu2122\/2024\/05\/1-1524x1536.jpg 1524w, https:\/\/projectes.xtec.cat\/lic-cce\/wp-content\/uploads\/usu2122\/2024\/05\/1.jpg 1536w\" sizes=\"auto, (max-width: 298px) 100vw, 298px\" \/><\/td>\n<\/tr>\n<tr>\n<td style=\"width: 33.3333%;\"><img loading=\"lazy\" decoding=\"async\" class=\"aligncenter size-medium wp-image-9391\" src=\"https:\/\/projectes.xtec.cat\/lic-cce\/wp-content\/uploads\/usu2122\/2024\/05\/WhatsApp-Image-2024-05-10-at-13.56.21-225x300.jpeg\" alt=\"\" width=\"225\" height=\"300\" srcset=\"https:\/\/projectes.xtec.cat\/lic-cce\/wp-content\/uploads\/usu2122\/2024\/05\/WhatsApp-Image-2024-05-10-at-13.56.21-225x300.jpeg 225w, https:\/\/projectes.xtec.cat\/lic-cce\/wp-content\/uploads\/usu2122\/2024\/05\/WhatsApp-Image-2024-05-10-at-13.56.21-768x1024.jpeg 768w, https:\/\/projectes.xtec.cat\/lic-cce\/wp-content\/uploads\/usu2122\/2024\/05\/WhatsApp-Image-2024-05-10-at-13.56.21-1152x1536.jpeg 1152w, https:\/\/projectes.xtec.cat\/lic-cce\/wp-content\/uploads\/usu2122\/2024\/05\/WhatsApp-Image-2024-05-10-at-13.56.21.jpeg 1200w\" sizes=\"auto, (max-width: 225px) 100vw, 225px\" \/><\/td>\n<td style=\"width: 33.3333%;\"><img loading=\"lazy\" decoding=\"async\" class=\"aligncenter size-medium wp-image-9392\" src=\"https:\/\/projectes.xtec.cat\/lic-cce\/wp-content\/uploads\/usu2122\/2024\/05\/WhatsApp-Image-2024-05-10-at-13.56.05-225x300.jpeg\" alt=\"\" width=\"225\" height=\"300\" srcset=\"https:\/\/projectes.xtec.cat\/lic-cce\/wp-content\/uploads\/usu2122\/2024\/05\/WhatsApp-Image-2024-05-10-at-13.56.05-225x300.jpeg 225w, https:\/\/projectes.xtec.cat\/lic-cce\/wp-content\/uploads\/usu2122\/2024\/05\/WhatsApp-Image-2024-05-10-at-13.56.05-768x1024.jpeg 768w, https:\/\/projectes.xtec.cat\/lic-cce\/wp-content\/uploads\/usu2122\/2024\/05\/WhatsApp-Image-2024-05-10-at-13.56.05-1152x1536.jpeg 1152w, https:\/\/projectes.xtec.cat\/lic-cce\/wp-content\/uploads\/usu2122\/2024\/05\/WhatsApp-Image-2024-05-10-at-13.56.05.jpeg 1536w\" sizes=\"auto, (max-width: 225px) 100vw, 225px\" \/><\/td>\n<td style=\"width: 33.3333%;\"><img loading=\"lazy\" decoding=\"async\" class=\"aligncenter size-medium wp-image-9393\" src=\"https:\/\/projectes.xtec.cat\/lic-cce\/wp-content\/uploads\/usu2122\/2024\/05\/WhatsApp-Image-2024-05-10-at-13.56.09-225x300.jpeg\" alt=\"\" width=\"225\" height=\"300\" srcset=\"https:\/\/projectes.xtec.cat\/lic-cce\/wp-content\/uploads\/usu2122\/2024\/05\/WhatsApp-Image-2024-05-10-at-13.56.09-225x300.jpeg 225w, https:\/\/projectes.xtec.cat\/lic-cce\/wp-content\/uploads\/usu2122\/2024\/05\/WhatsApp-Image-2024-05-10-at-13.56.09-768x1024.jpeg 768w, https:\/\/projectes.xtec.cat\/lic-cce\/wp-content\/uploads\/usu2122\/2024\/05\/WhatsApp-Image-2024-05-10-at-13.56.09-1152x1536.jpeg 1152w, https:\/\/projectes.xtec.cat\/lic-cce\/wp-content\/uploads\/usu2122\/2024\/05\/WhatsApp-Image-2024-05-10-at-13.56.09.jpeg 1536w\" sizes=\"auto, (max-width: 225px) 100vw, 225px\" \/><\/td>\n<\/tr>\n<\/tbody>\n<\/table>\n","protected":false},"excerpt":{"rendered":"<p>Divendres 10 de maig es va portar a terme la segona edici\u00f3 de la matinal formativa \u201cEnsenyes catal\u00e0?\u201d, dirigida a tots els professionals de la ciutat que ensenyen catal\u00e0 tant a persones adultes com a infants de la ciutat de Vic, organitzada per la Comissi\u00f3 Ling\u00fc\u00edstica de Vic. Hi van assistir 60 persones. Enguany, la [&hellip;]<\/p>\n","protected":false},"author":1,"featured_media":0,"comment_status":"open","ping_status":"closed","sticky":false,"template":"","format":"standard","meta":{"_bbp_topic_count":0,"_bbp_reply_count":0,"_bbp_total_topic_count":0,"_bbp_total_reply_count":0,"_bbp_voice_count":0,"_bbp_anonymous_reply_count":0,"_bbp_topic_count_hidden":0,"_bbp_reply_count_hidden":0,"_bbp_forum_subforum_count":0,"site-sidebar-layout":"default","site-content-layout":"","ast-site-content-layout":"default","site-content-style":"default","site-sidebar-style":"default","ast-global-header-display":"","ast-banner-title-visibility":"","ast-main-header-display":"","ast-hfb-above-header-display":"","ast-hfb-below-header-display":"","ast-hfb-mobile-header-display":"","site-post-title":"","ast-breadcrumbs-content":"","ast-featured-img":"","footer-sml-layout":"","theme-transparent-header-meta":"","adv-header-id-meta":"","stick-header-meta":"","header-above-stick-meta":"","header-main-stick-meta":"","header-below-stick-meta":"","astra-migrate-meta-layouts":"set","ast-page-background-enabled":"default","ast-page-background-meta":{"desktop":{"background-color":"var(--ast-global-color-4)","background-image":"","background-repeat":"repeat","background-position":"center center","background-size":"auto","background-attachment":"scroll","background-type":"","background-media":"","overlay-type":"","overlay-color":"","overlay-opacity":"","overlay-gradient":""},"tablet":{"background-color":"","background-image":"","background-repeat":"repeat","background-position":"center center","background-size":"auto","background-attachment":"scroll","background-type":"","background-media":"","overlay-type":"","overlay-color":"","overlay-opacity":"","overlay-gradient":""},"mobile":{"background-color":"","background-image":"","background-repeat":"repeat","background-position":"center center","background-size":"auto","background-attachment":"scroll","background-type":"","background-media":"","overlay-type":"","overlay-color":"","overlay-opacity":"","overlay-gradient":""}},"ast-content-background-meta":{"desktop":{"background-color":"var(--ast-global-color-5)","background-image":"","background-repeat":"repeat","background-position":"center center","background-size":"auto","background-attachment":"scroll","background-type":"","background-media":"","overlay-type":"","overlay-color":"","overlay-opacity":"","overlay-gradient":""},"tablet":{"background-color":"var(--ast-global-color-5)","background-image":"","background-repeat":"repeat","background-position":"center center","background-size":"auto","background-attachment":"scroll","background-type":"","background-media":"","overlay-type":"","overlay-color":"","overlay-opacity":"","overlay-gradient":""},"mobile":{"background-color":"var(--ast-global-color-5)","background-image":"","background-repeat":"repeat","background-position":"center center","background-size":"auto","background-attachment":"scroll","background-type":"","background-media":"","overlay-type":"","overlay-color":"","overlay-opacity":"","overlay-gradient":""}},"footnotes":""},"categories":[411,29],"tags":[324,351,350],"class_list":["post-9387","post","type-post","status-publish","format-standard","hentry","category-formacio","category-portada","tag-formacio","tag-us-de-la-llengua-catalana","tag-usos-linguistics"],"post_mailing_queue_ids":[],"_links":{"self":[{"href":"https:\/\/projectes.xtec.cat\/lic-cce\/wp-json\/wp\/v2\/posts\/9387","targetHints":{"allow":["GET"]}}],"collection":[{"href":"https:\/\/projectes.xtec.cat\/lic-cce\/wp-json\/wp\/v2\/posts"}],"about":[{"href":"https:\/\/projectes.xtec.cat\/lic-cce\/wp-json\/wp\/v2\/types\/post"}],"author":[{"embeddable":true,"href":"https:\/\/projectes.xtec.cat\/lic-cce\/wp-json\/wp\/v2\/users\/1"}],"replies":[{"embeddable":true,"href":"https:\/\/projectes.xtec.cat\/lic-cce\/wp-json\/wp\/v2\/comments?post=9387"}],"version-history":[{"count":3,"href":"https:\/\/projectes.xtec.cat\/lic-cce\/wp-json\/wp\/v2\/posts\/9387\/revisions"}],"predecessor-version":[{"id":9793,"href":"https:\/\/projectes.xtec.cat\/lic-cce\/wp-json\/wp\/v2\/posts\/9387\/revisions\/9793"}],"wp:attachment":[{"href":"https:\/\/projectes.xtec.cat\/lic-cce\/wp-json\/wp\/v2\/media?parent=9387"}],"wp:term":[{"taxonomy":"category","embeddable":true,"href":"https:\/\/projectes.xtec.cat\/lic-cce\/wp-json\/wp\/v2\/categories?post=9387"},{"taxonomy":"post_tag","embeddable":true,"href":"https:\/\/projectes.xtec.cat\/lic-cce\/wp-json\/wp\/v2\/tags?post=9387"}],"curies":[{"name":"wp","href":"https:\/\/api.w.org\/{rel}","templated":true}]}}