{"id":9399,"date":"2024-05-20T09:59:36","date_gmt":"2024-05-20T07:59:36","guid":{"rendered":"https:\/\/projectes.xtec.cat\/lic-cce\/?p=9399"},"modified":"2024-05-20T09:59:36","modified_gmt":"2024-05-20T07:59:36","slug":"nou-decret-del-regim-linguistic-del-sistema-educatiu","status":"publish","type":"post","link":"https:\/\/projectes.xtec.cat\/lic-cce\/portada\/nou-decret-del-regim-linguistic-del-sistema-educatiu\/","title":{"rendered":"NOU Decret del r\u00e8gim ling\u00fc\u00edstic del sistema educatiu"},"content":{"rendered":"<p>El Govern en funcions, ha aprovat el Decret del r\u00e8gim ling\u00fc\u00edstic del sistema educatiu de Catalunya, que <strong>\u201cenforteix el model d\u2019escola catalana\u201d<\/strong>\u00a0i dota la comunitat educativa d\u2019un marc normatiu que desenvolupa els principis de la Llei d\u2019educaci\u00f3 de Catalunya, que fins ara no havia estat objecte d\u2019un desplegament reglamentari.<\/p>\n<p>Un dels principals punts del Decret \u00e9s que precisa com elaborar, aprovar, avaluar i revisar els projectes ling\u00fc\u00edstics de centre (PLC). El projecte ling\u00fc\u00edstic de centre inclou diversos aspectes, com ara: els indicadors d\u2019avaluaci\u00f3 de les lleng\u00fces; el proc\u00e9s d\u2019ensenyament i aprenentatge de cada llengua; les mesures d\u2019atenci\u00f3 ling\u00fc\u00edstica per a l\u2019alumnat nouvingut; els criteris de coher\u00e8ncia ling\u00fc\u00edstica que cal seguir en els serveis com sortides o el menjador escolar; o la formaci\u00f3 del professorat en la millora de la compet\u00e8ncia ling\u00fc\u00edstica, entre d\u2019altres.<\/p>\n<p>Per facilitar l\u2019elaboraci\u00f3 del PLC, el Departament d&#8217;Educaci\u00f3\u00a0proporcionar\u00e0 als centres educatius l\u2019assessorament, els models i els indicadors globals necessaris per a l\u2019elaboraci\u00f3 dels projectes ling\u00fc\u00edstics, a trav\u00e9s de l\u2019orientaci\u00f3 i seguiment de la Inspecci\u00f3 Educativa.<\/p>\n<p>La mesura dona\u00a0<strong>\u201cmajor seguretat jur\u00eddica als projectes ling\u00fc\u00edstics dels centres\u201d<\/strong>, ja que estableix que\u00a0ser\u00e0 el Departament d\u2019Educaci\u00f3 qui validar\u00e0 el projecte de cada centre i qui \u201c<strong>n\u2019assumir\u00e0 la responsabilitat\u201d<\/strong>\u00a0sobre la legalitat en tots els casos que validi, i no pas les direccions dels centres.<\/p>\n<p>El Decret estableix que el catal\u00e0 \u00e9s\u00a0<strong>\u201cla llengua normalment emprada com a vehicular i d\u2019aprenentatge del sistema educatiu\u201d<\/strong>, d\u2019acord amb\u00a0<strong>\u201ccriteris simplement pedag\u00f2gics\u201d<\/strong>, ien l\u2019acollida de l\u2019alumnat nouvingut, i l\u2019aran\u00e8s per als centres de l\u2019Aran. Tamb\u00e9 ho \u00e9s en les activitats educatives, incloses les complement\u00e0ries, les extraescolars i els serveis educatius, les comunicacions internes del centre i en les de projecci\u00f3 externa i de relaci\u00f3 amb la resta de la comunitat educativa.<\/p>\n<p>Finalment, el Decret determina la compet\u00e8ncia ling\u00fc\u00edstica de l\u2019alumnat i del personal docent. El personal docent de centres educatius d\u2019ensenyament no universitari ha d\u2019acreditar el coneixement superior (C2), oral i escrit, de la llengua catalana i de l\u2019aran\u00e8s, a l\u2019Aran. Per aix\u00f2, s\u2019estableix com a requeriment el nivell de C2 de catal\u00e0 per accedir a la doc\u00e8ncia a partir del curs 2025-2026.<\/p>\n<p>Pel que fa a l\u2019alumnat, preveu que el Departament d&#8217;Educaci\u00f3 ha d\u2019establir les equival\u00e8ncies entre el nivell de coneixement de les lleng\u00fces assolit en el sistema educatiu i els nivells del Marc europeu com\u00fa de refer\u00e8ncia, per a les etapes obligat\u00f2ria i postobligat\u00f2ria dels centres p\u00fablics i concertats, i per a l\u2019alumnat de centres privats o els que imparteixen estudis d\u2019acord amb sistemes educatius estrangers.<\/p>\n<p><iframe loading=\"lazy\" src=\"https:\/\/drive.google.com\/file\/d\/1364C-eUxsxoHShIu9GRyWjSP3s1MRlUA\/preview\" width=\"640\" height=\"480\"><\/iframe><\/p>\n","protected":false},"excerpt":{"rendered":"<p>El Govern en funcions, ha aprovat el Decret del r\u00e8gim ling\u00fc\u00edstic del sistema educatiu de Catalunya, que \u201cenforteix el model d\u2019escola catalana\u201d\u00a0i dota la comunitat educativa d\u2019un marc normatiu que desenvolupa els principis de la Llei d\u2019educaci\u00f3 de Catalunya, que fins ara no havia estat objecte d\u2019un desplegament reglamentari. Un dels principals punts del Decret [&hellip;]<\/p>\n","protected":false},"author":1,"featured_media":0,"comment_status":"open","ping_status":"closed","sticky":false,"template":"","format":"standard","meta":{"_bbp_topic_count":0,"_bbp_reply_count":0,"_bbp_total_topic_count":0,"_bbp_total_reply_count":0,"_bbp_voice_count":0,"_bbp_anonymous_reply_count":0,"_bbp_topic_count_hidden":0,"_bbp_reply_count_hidden":0,"_bbp_forum_subforum_count":0,"site-sidebar-layout":"default","site-content-layout":"","ast-site-content-layout":"","site-content-style":"default","site-sidebar-style":"default","ast-global-header-display":"","ast-banner-title-visibility":"","ast-main-header-display":"","ast-hfb-above-header-display":"","ast-hfb-below-header-display":"","ast-hfb-mobile-header-display":"","site-post-title":"","ast-breadcrumbs-content":"","ast-featured-img":"","footer-sml-layout":"","theme-transparent-header-meta":"","adv-header-id-meta":"","stick-header-meta":"","header-above-stick-meta":"","header-main-stick-meta":"","header-below-stick-meta":"","astra-migrate-meta-layouts":"default","ast-page-background-enabled":"default","ast-page-background-meta":{"desktop":{"background-color":"var(--ast-global-color-4)","background-image":"","background-repeat":"repeat","background-position":"center center","background-size":"auto","background-attachment":"scroll","background-type":"","background-media":"","overlay-type":"","overlay-color":"","overlay-opacity":"","overlay-gradient":""},"tablet":{"background-color":"","background-image":"","background-repeat":"repeat","background-position":"center center","background-size":"auto","background-attachment":"scroll","background-type":"","background-media":"","overlay-type":"","overlay-color":"","overlay-opacity":"","overlay-gradient":""},"mobile":{"background-color":"","background-image":"","background-repeat":"repeat","background-position":"center center","background-size":"auto","background-attachment":"scroll","background-type":"","background-media":"","overlay-type":"","overlay-color":"","overlay-opacity":"","overlay-gradient":""}},"ast-content-background-meta":{"desktop":{"background-color":"var(--ast-global-color-5)","background-image":"","background-repeat":"repeat","background-position":"center center","background-size":"auto","background-attachment":"scroll","background-type":"","background-media":"","overlay-type":"","overlay-color":"","overlay-opacity":"","overlay-gradient":""},"tablet":{"background-color":"var(--ast-global-color-5)","background-image":"","background-repeat":"repeat","background-position":"center center","background-size":"auto","background-attachment":"scroll","background-type":"","background-media":"","overlay-type":"","overlay-color":"","overlay-opacity":"","overlay-gradient":""},"mobile":{"background-color":"var(--ast-global-color-5)","background-image":"","background-repeat":"repeat","background-position":"center center","background-size":"auto","background-attachment":"scroll","background-type":"","background-media":"","overlay-type":"","overlay-color":"","overlay-opacity":"","overlay-gradient":""}},"footnotes":""},"categories":[29],"tags":[301],"class_list":["post-9399","post","type-post","status-publish","format-standard","hentry","category-portada","tag-projecte-linguistic"],"post_mailing_queue_ids":[],"_links":{"self":[{"href":"https:\/\/projectes.xtec.cat\/lic-cce\/wp-json\/wp\/v2\/posts\/9399","targetHints":{"allow":["GET"]}}],"collection":[{"href":"https:\/\/projectes.xtec.cat\/lic-cce\/wp-json\/wp\/v2\/posts"}],"about":[{"href":"https:\/\/projectes.xtec.cat\/lic-cce\/wp-json\/wp\/v2\/types\/post"}],"author":[{"embeddable":true,"href":"https:\/\/projectes.xtec.cat\/lic-cce\/wp-json\/wp\/v2\/users\/1"}],"replies":[{"embeddable":true,"href":"https:\/\/projectes.xtec.cat\/lic-cce\/wp-json\/wp\/v2\/comments?post=9399"}],"version-history":[{"count":1,"href":"https:\/\/projectes.xtec.cat\/lic-cce\/wp-json\/wp\/v2\/posts\/9399\/revisions"}],"predecessor-version":[{"id":9400,"href":"https:\/\/projectes.xtec.cat\/lic-cce\/wp-json\/wp\/v2\/posts\/9399\/revisions\/9400"}],"wp:attachment":[{"href":"https:\/\/projectes.xtec.cat\/lic-cce\/wp-json\/wp\/v2\/media?parent=9399"}],"wp:term":[{"taxonomy":"category","embeddable":true,"href":"https:\/\/projectes.xtec.cat\/lic-cce\/wp-json\/wp\/v2\/categories?post=9399"},{"taxonomy":"post_tag","embeddable":true,"href":"https:\/\/projectes.xtec.cat\/lic-cce\/wp-json\/wp\/v2\/tags?post=9399"}],"curies":[{"name":"wp","href":"https:\/\/api.w.org\/{rel}","templated":true}]}}