{"id":9517,"date":"2025-02-05T13:23:56","date_gmt":"2025-02-05T12:23:56","guid":{"rendered":"https:\/\/projectes.xtec.cat\/lic-cce\/?p=9517"},"modified":"2025-02-05T13:23:56","modified_gmt":"2025-02-05T12:23:56","slug":"recomanacions-per-als-docents-que-atenen-alumnat-dorigen-estranger-a-laula-ordinaria","status":"publish","type":"post","link":"https:\/\/projectes.xtec.cat\/lic-cce\/portada\/recomanacions-per-als-docents-que-atenen-alumnat-dorigen-estranger-a-laula-ordinaria\/","title":{"rendered":"Recomanacions per als docents que atenen alumnat d\u2019origen estranger a l\u2019aula ordin\u00e0ria"},"content":{"rendered":"<p>Dins el marc d\u2019un sistema educatiu inclusiu, a m\u00e9s de les\u00a0<strong>mesures<\/strong>\u00a0i els\u00a0<strong>suports universals<\/strong>\u00a0que s\u2019han d\u2019aplicar per a tot l\u2019alumnat, les aules d\u2019acollida i el suport ling\u00fc\u00edstic i social es consideren\u00a0<strong>mesures i suports addicionals<\/strong>\u00a0que s\u00f3n espec\u00edfics per a l\u2019alumnat d\u2019origen estranger, que es complementen amb estrat\u00e8gies de suport a l\u2019aula ordin\u00e0ria en totes les \u00e0rees i mat\u00e8ries.<\/p>\n<p>Aix\u00ed doncs, l&#8217;atenci\u00f3 de l\u2019alumnat d\u2019origen estranger no es limita a l\u2019aula d\u2019acollida, ja que a l&#8217;aula ordin\u00e0ria, ha de <strong>superar les dificultats amb qu\u00e8 es troba per assolir compet\u00e8ncies i aprendre continguts vehiculats en una llengua que encara no domina del tot<\/strong>.<\/p>\n<p>Per aix\u00f2, com a docents, li haur\u00edem de poder facilitar les ajudes necess\u00e0ries per assolir aquest gran repte.<\/p>\n<p>En aquesta<a href=\"https:\/\/projectes.xtec.cat\/acollidasuport\/wp-content\/uploads\/usu2169\/2025\/02\/Recomanacions-basiques-docents-dAOE-aula-ordinaria.pdf\"> infografia<\/a>, elaborada pel grup de treball d\u2019atenci\u00f3 a l\u2019alumnat d\u2019origen estranger (Serveis de Suports i Recursos Ling\u00fc\u00edstics, Departament d\u2019Educaci\u00f3 i Formaci\u00f3 Professional), presentem unes\u00a0<strong>reco<\/strong><strong>manacions per als docents de l\u2019aula ordin\u00e0ria<\/strong>. Constitueixen unes recomanacions que sempre cal tenir presents davant la dificultat espec\u00edfica amb qu\u00e8 s\u2019enfronta l\u2019alumnat d\u2019origen estranger, que apr\u00e8n els continguts de totes les mat\u00e8ries alhora que apr\u00e8n i perfecciona la llengua que vehicula tots els aprenentatges.<\/p>\n<p>Tenir-les en compte i aplicar-les contribuir\u00e0 a\u00a0<strong>l\u2019\u00e8xit educatiu<\/strong>\u00a0de tot l\u2019alumnat.<\/p>\n<p>&nbsp;<\/p>\n<p>&nbsp;<\/p>\n","protected":false},"excerpt":{"rendered":"<p>Dins el marc d\u2019un sistema educatiu inclusiu, a m\u00e9s de les\u00a0mesures\u00a0i els\u00a0suports universals\u00a0que s\u2019han d\u2019aplicar per a tot l\u2019alumnat, les aules d\u2019acollida i el suport ling\u00fc\u00edstic i social es consideren\u00a0mesures i suports addicionals\u00a0que s\u00f3n espec\u00edfics per a l\u2019alumnat d\u2019origen estranger, que es complementen amb estrat\u00e8gies de suport a l\u2019aula ordin\u00e0ria en totes les \u00e0rees i [&hellip;]<\/p>\n","protected":false},"author":1,"featured_media":0,"comment_status":"open","ping_status":"closed","sticky":false,"template":"","format":"standard","meta":{"_bbp_topic_count":0,"_bbp_reply_count":0,"_bbp_total_topic_count":0,"_bbp_total_reply_count":0,"_bbp_voice_count":0,"_bbp_anonymous_reply_count":0,"_bbp_topic_count_hidden":0,"_bbp_reply_count_hidden":0,"_bbp_forum_subforum_count":0,"site-sidebar-layout":"default","site-content-layout":"","ast-site-content-layout":"","site-content-style":"default","site-sidebar-style":"default","ast-global-header-display":"","ast-banner-title-visibility":"","ast-main-header-display":"","ast-hfb-above-header-display":"","ast-hfb-below-header-display":"","ast-hfb-mobile-header-display":"","site-post-title":"","ast-breadcrumbs-content":"","ast-featured-img":"","footer-sml-layout":"","theme-transparent-header-meta":"","adv-header-id-meta":"","stick-header-meta":"","header-above-stick-meta":"","header-main-stick-meta":"","header-below-stick-meta":"","astra-migrate-meta-layouts":"default","ast-page-background-enabled":"default","ast-page-background-meta":{"desktop":{"background-color":"var(--ast-global-color-4)","background-image":"","background-repeat":"repeat","background-position":"center center","background-size":"auto","background-attachment":"scroll","background-type":"","background-media":"","overlay-type":"","overlay-color":"","overlay-opacity":"","overlay-gradient":""},"tablet":{"background-color":"","background-image":"","background-repeat":"repeat","background-position":"center center","background-size":"auto","background-attachment":"scroll","background-type":"","background-media":"","overlay-type":"","overlay-color":"","overlay-opacity":"","overlay-gradient":""},"mobile":{"background-color":"","background-image":"","background-repeat":"repeat","background-position":"center center","background-size":"auto","background-attachment":"scroll","background-type":"","background-media":"","overlay-type":"","overlay-color":"","overlay-opacity":"","overlay-gradient":""}},"ast-content-background-meta":{"desktop":{"background-color":"var(--ast-global-color-5)","background-image":"","background-repeat":"repeat","background-position":"center center","background-size":"auto","background-attachment":"scroll","background-type":"","background-media":"","overlay-type":"","overlay-color":"","overlay-opacity":"","overlay-gradient":""},"tablet":{"background-color":"var(--ast-global-color-5)","background-image":"","background-repeat":"repeat","background-position":"center center","background-size":"auto","background-attachment":"scroll","background-type":"","background-media":"","overlay-type":"","overlay-color":"","overlay-opacity":"","overlay-gradient":""},"mobile":{"background-color":"var(--ast-global-color-5)","background-image":"","background-repeat":"repeat","background-position":"center center","background-size":"auto","background-attachment":"scroll","background-type":"","background-media":"","overlay-type":"","overlay-color":"","overlay-opacity":"","overlay-gradient":""}},"footnotes":""},"categories":[29],"tags":[293,291,335],"class_list":["post-9517","post","type-post","status-publish","format-standard","hentry","category-portada","tag-alumnat-nouvingut","tag-aula-dacollida","tag-aula-ordinaria"],"post_mailing_queue_ids":[],"_links":{"self":[{"href":"https:\/\/projectes.xtec.cat\/lic-cce\/wp-json\/wp\/v2\/posts\/9517","targetHints":{"allow":["GET"]}}],"collection":[{"href":"https:\/\/projectes.xtec.cat\/lic-cce\/wp-json\/wp\/v2\/posts"}],"about":[{"href":"https:\/\/projectes.xtec.cat\/lic-cce\/wp-json\/wp\/v2\/types\/post"}],"author":[{"embeddable":true,"href":"https:\/\/projectes.xtec.cat\/lic-cce\/wp-json\/wp\/v2\/users\/1"}],"replies":[{"embeddable":true,"href":"https:\/\/projectes.xtec.cat\/lic-cce\/wp-json\/wp\/v2\/comments?post=9517"}],"version-history":[{"count":1,"href":"https:\/\/projectes.xtec.cat\/lic-cce\/wp-json\/wp\/v2\/posts\/9517\/revisions"}],"predecessor-version":[{"id":9519,"href":"https:\/\/projectes.xtec.cat\/lic-cce\/wp-json\/wp\/v2\/posts\/9517\/revisions\/9519"}],"wp:attachment":[{"href":"https:\/\/projectes.xtec.cat\/lic-cce\/wp-json\/wp\/v2\/media?parent=9517"}],"wp:term":[{"taxonomy":"category","embeddable":true,"href":"https:\/\/projectes.xtec.cat\/lic-cce\/wp-json\/wp\/v2\/categories?post=9517"},{"taxonomy":"post_tag","embeddable":true,"href":"https:\/\/projectes.xtec.cat\/lic-cce\/wp-json\/wp\/v2\/tags?post=9517"}],"curies":[{"name":"wp","href":"https:\/\/api.w.org\/{rel}","templated":true}]}}