{"id":9522,"date":"2025-02-14T09:07:42","date_gmt":"2025-02-14T08:07:42","guid":{"rendered":"https:\/\/projectes.xtec.cat\/lic-cce\/?p=9522"},"modified":"2025-02-14T09:09:37","modified_gmt":"2025-02-14T08:09:37","slug":"veu-a-veu-el-podcast-de-laula-dacollida","status":"publish","type":"post","link":"https:\/\/projectes.xtec.cat\/lic-cce\/portada\/veu-a-veu-el-podcast-de-laula-dacollida\/","title":{"rendered":"Veu a veu \u2013 El p\u00f2dcast de l\u2019aula d\u2019acollida"},"content":{"rendered":"<p>Amb motiu de la celebraci\u00f3 del Dia Mundial de la R\u00e0dio, el Servei de Suports i Recursos Ling\u00fc\u00edstics del Departament d&#8217;Educaci\u00f3 i Formaci\u00f3 professional ens anima a participar al projecte <strong>\u201cVeu a veu. El p\u00f2dcast de l\u2019aula d\u2019acollida\u201d<\/strong>.\u00a0 Aquest projecte consisteix a preparar i enregistrar un episodi d\u2019un p\u00f2dcast col\u00b7laboratiu amb l&#8217;alumnat de l&#8217;aula d&#8217;acollida.<\/p>\n<p><img loading=\"lazy\" decoding=\"async\" class=\"size-medium wp-image-9523 alignleft\" src=\"https:\/\/projectes.xtec.cat\/lic-cce\/wp-content\/uploads\/usu2122\/2025\/02\/Captura-252x300.jpg\" alt=\"\" width=\"252\" height=\"300\" srcset=\"https:\/\/projectes.xtec.cat\/lic-cce\/wp-content\/uploads\/usu2122\/2025\/02\/Captura-252x300.jpg 252w, https:\/\/projectes.xtec.cat\/lic-cce\/wp-content\/uploads\/usu2122\/2025\/02\/Captura.jpg 712w\" sizes=\"auto, (max-width: 252px) 100vw, 252px\" \/><\/p>\n<p>Si voleu participar al projecte cal que empleneu aquest <a href=\"https:\/\/docs.google.com\/forms\/d\/e\/1FAIpQLSd_mWMummYsvALz9BosN_3Tu4c906yU7G-YtW_NQnSkLXAhLg\/viewform\">formulari.<\/a> Es facilitar\u00e0 una fitxa amb totes les indicacions necess\u00e0ries per planificar i enregistrar l\u2019episodi; un model de gui\u00f3 perqu\u00e8 tingueu un punt de partida i idees per desenvolupar el vostre episodi; les sintonies d\u2019inici, tancament i de totes les seccions del p\u00f2dcast, i els videotutorials de suport per utilitzar <em>audacity<\/em>.Us en fem cinc c\u00e8ntims en\u00a0<a href=\"https:\/\/projectes.xtec.cat\/acollidasuport\/wp-content\/uploads\/usu2169\/2025\/02\/infografia.Veu-a-veu_El-podcast-de-laula-dacollida.pdf\" target=\"_blank\" rel=\"noopener\"><strong>aquesta infografia<\/strong><\/a>, si hi esteu interessats i voleu informaci\u00f3 m\u00e9s detallada, envieu un correu a <strong>acollida@xtec.cat<\/strong>.<\/p>\n<p>Animeu-vos a participar!!!<\/p>\n<p>&nbsp;<\/p>\n<p>&nbsp;<\/p>\n","protected":false},"excerpt":{"rendered":"<p>Amb motiu de la celebraci\u00f3 del Dia Mundial de la R\u00e0dio, el Servei de Suports i Recursos Ling\u00fc\u00edstics del Departament d&#8217;Educaci\u00f3 i Formaci\u00f3 professional ens anima a participar al projecte \u201cVeu a veu. El p\u00f2dcast de l\u2019aula d\u2019acollida\u201d.\u00a0 Aquest projecte consisteix a preparar i enregistrar un episodi d\u2019un p\u00f2dcast col\u00b7laboratiu amb l&#8217;alumnat de l&#8217;aula d&#8217;acollida. [&hellip;]<\/p>\n","protected":false},"author":1,"featured_media":0,"comment_status":"open","ping_status":"closed","sticky":false,"template":"","format":"standard","meta":{"_bbp_topic_count":0,"_bbp_reply_count":0,"_bbp_total_topic_count":0,"_bbp_total_reply_count":0,"_bbp_voice_count":0,"_bbp_anonymous_reply_count":0,"_bbp_topic_count_hidden":0,"_bbp_reply_count_hidden":0,"_bbp_forum_subforum_count":0,"site-sidebar-layout":"default","site-content-layout":"","ast-site-content-layout":"","site-content-style":"default","site-sidebar-style":"default","ast-global-header-display":"","ast-banner-title-visibility":"","ast-main-header-display":"","ast-hfb-above-header-display":"","ast-hfb-below-header-display":"","ast-hfb-mobile-header-display":"","site-post-title":"","ast-breadcrumbs-content":"","ast-featured-img":"","footer-sml-layout":"","theme-transparent-header-meta":"","adv-header-id-meta":"","stick-header-meta":"","header-above-stick-meta":"","header-main-stick-meta":"","header-below-stick-meta":"","astra-migrate-meta-layouts":"default","ast-page-background-enabled":"default","ast-page-background-meta":{"desktop":{"background-color":"var(--ast-global-color-4)","background-image":"","background-repeat":"repeat","background-position":"center center","background-size":"auto","background-attachment":"scroll","background-type":"","background-media":"","overlay-type":"","overlay-color":"","overlay-opacity":"","overlay-gradient":""},"tablet":{"background-color":"","background-image":"","background-repeat":"repeat","background-position":"center center","background-size":"auto","background-attachment":"scroll","background-type":"","background-media":"","overlay-type":"","overlay-color":"","overlay-opacity":"","overlay-gradient":""},"mobile":{"background-color":"","background-image":"","background-repeat":"repeat","background-position":"center center","background-size":"auto","background-attachment":"scroll","background-type":"","background-media":"","overlay-type":"","overlay-color":"","overlay-opacity":"","overlay-gradient":""}},"ast-content-background-meta":{"desktop":{"background-color":"var(--ast-global-color-5)","background-image":"","background-repeat":"repeat","background-position":"center center","background-size":"auto","background-attachment":"scroll","background-type":"","background-media":"","overlay-type":"","overlay-color":"","overlay-opacity":"","overlay-gradient":""},"tablet":{"background-color":"var(--ast-global-color-5)","background-image":"","background-repeat":"repeat","background-position":"center center","background-size":"auto","background-attachment":"scroll","background-type":"","background-media":"","overlay-type":"","overlay-color":"","overlay-opacity":"","overlay-gradient":""},"mobile":{"background-color":"var(--ast-global-color-5)","background-image":"","background-repeat":"repeat","background-position":"center center","background-size":"auto","background-attachment":"scroll","background-type":"","background-media":"","overlay-type":"","overlay-color":"","overlay-opacity":"","overlay-gradient":""}},"footnotes":""},"categories":[29],"tags":[291,408],"class_list":["post-9522","post","type-post","status-publish","format-standard","hentry","category-portada","tag-aula-dacollida","tag-oralitat"],"post_mailing_queue_ids":[],"_links":{"self":[{"href":"https:\/\/projectes.xtec.cat\/lic-cce\/wp-json\/wp\/v2\/posts\/9522","targetHints":{"allow":["GET"]}}],"collection":[{"href":"https:\/\/projectes.xtec.cat\/lic-cce\/wp-json\/wp\/v2\/posts"}],"about":[{"href":"https:\/\/projectes.xtec.cat\/lic-cce\/wp-json\/wp\/v2\/types\/post"}],"author":[{"embeddable":true,"href":"https:\/\/projectes.xtec.cat\/lic-cce\/wp-json\/wp\/v2\/users\/1"}],"replies":[{"embeddable":true,"href":"https:\/\/projectes.xtec.cat\/lic-cce\/wp-json\/wp\/v2\/comments?post=9522"}],"version-history":[{"count":3,"href":"https:\/\/projectes.xtec.cat\/lic-cce\/wp-json\/wp\/v2\/posts\/9522\/revisions"}],"predecessor-version":[{"id":9526,"href":"https:\/\/projectes.xtec.cat\/lic-cce\/wp-json\/wp\/v2\/posts\/9522\/revisions\/9526"}],"wp:attachment":[{"href":"https:\/\/projectes.xtec.cat\/lic-cce\/wp-json\/wp\/v2\/media?parent=9522"}],"wp:term":[{"taxonomy":"category","embeddable":true,"href":"https:\/\/projectes.xtec.cat\/lic-cce\/wp-json\/wp\/v2\/categories?post=9522"},{"taxonomy":"post_tag","embeddable":true,"href":"https:\/\/projectes.xtec.cat\/lic-cce\/wp-json\/wp\/v2\/tags?post=9522"}],"curies":[{"name":"wp","href":"https:\/\/api.w.org\/{rel}","templated":true}]}}