{"id":9614,"date":"2025-05-19T13:59:51","date_gmt":"2025-05-19T11:59:51","guid":{"rendered":"https:\/\/projectes.xtec.cat\/lic-cce\/?p=9614"},"modified":"2025-06-10T12:58:44","modified_gmt":"2025-06-10T10:58:44","slug":"fem-un-clic","status":"publish","type":"post","link":"https:\/\/projectes.xtec.cat\/lic-cce\/portada\/fem-un-clic\/","title":{"rendered":"FEM UN CLIC!"},"content":{"rendered":"\n<h2 class=\"wp-block-heading\">XI Jornada Pedag\u00f2gica de la Catalunya Central<\/h2>\n\n\n\n<p>Com cada curs, l&#8217;equip LIC de la Catalunya Central, organitzem una Jornada pedag\u00f2gica. <\/p>\n\n\n\n<p>L&#8217;objectiu d&#8217;aquet any \u00e9s reflexionar al voltant de la lectura i el treball pedag\u00f2gic en un context de diversitat a les aules. <\/p>\n\n\n\n<p>Enguany, la jornada tindr\u00e0 lloc el proper <strong>26 de juny, <\/strong>en un lloc excepcional: a Montserrat.<\/p>\n\n\n\n<p>Comptarem amb una pon\u00e8ncia de la periodista i escriptora <strong>Eva Piquer<\/strong>, una taula rodona amb <strong>experi\u00e8ncies de centres<\/strong>, una xerrada del catedr\u00e0tic <strong>Miquel \u00c0ngel Essomba<\/strong>, i una actuaci\u00f3 de <strong>Daura Mangara<\/strong> activista afrocatal\u00e0, cantant de rap i poeta.<\/p>\n\n\n\n<p>A banda de la\u00a0jornada, l&#8217;escolania de Montserrat s&#8217;ofereix a mostrar les seves instal\u00b7lacions en horari de tarda (a les 4) de manera gratu\u00efta per a tots aquells que en tingueu ganes. Nom\u00e9s cal que respongueu a aquest<a href=\"https:\/\/forms.gle\/gkeKY8PZp7zyXVGq8\" target=\"_blank\" rel=\"noreferrer noopener\">\u00a0formulari\u00a0<\/a>tan aviat com us sigui possible.<\/p>\n\n\n\n<p>Us n&#8217;adjuntem el programa per tal de veure&#8217;n el detall, i poder fer la<a href=\"https:\/\/aplicacions.gestioeducativa.gencat.cat\/ords\/pls\/soloas\/pk_for_mod_ins.p_for_detall_activitat?p_codi=B00120050B&amp;p_curs=2024-2025&amp;p_es_inscr=S\"> inscripci\u00f3 a l&#8217;activitat.<\/a><\/p>\n\n\n\n<p><\/p>\n\n\n\n<figure class=\"wp-block-image size-large\"><a href=\"https:\/\/projectes.xtec.cat\/lic-cce\/wp-content\/uploads\/usu2122\/2025\/05\/Cartell-Definitiu.jpg\"><img loading=\"lazy\" decoding=\"async\" width=\"724\" height=\"1024\" src=\"https:\/\/projectes.xtec.cat\/lic-cce\/wp-content\/uploads\/usu2122\/2025\/05\/Cartell-Definitiu-724x1024.jpg\" alt=\"\" class=\"wp-image-9615\" srcset=\"https:\/\/projectes.xtec.cat\/lic-cce\/wp-content\/uploads\/usu2122\/2025\/05\/Cartell-Definitiu-724x1024.jpg 724w, https:\/\/projectes.xtec.cat\/lic-cce\/wp-content\/uploads\/usu2122\/2025\/05\/Cartell-Definitiu-212x300.jpg 212w, https:\/\/projectes.xtec.cat\/lic-cce\/wp-content\/uploads\/usu2122\/2025\/05\/Cartell-Definitiu-768x1086.jpg 768w, https:\/\/projectes.xtec.cat\/lic-cce\/wp-content\/uploads\/usu2122\/2025\/05\/Cartell-Definitiu-1086x1536.jpg 1086w, https:\/\/projectes.xtec.cat\/lic-cce\/wp-content\/uploads\/usu2122\/2025\/05\/Cartell-Definitiu.jpg 1414w\" sizes=\"auto, (max-width: 724px) 100vw, 724px\" \/><\/a><\/figure>\n\n\n\n<p><br><\/p>\n","protected":false},"excerpt":{"rendered":"<p>XI Jornada Pedag\u00f2gica de la Catalunya Central Com cada curs, l&#8217;equip LIC de la Catalunya Central, organitzem una Jornada pedag\u00f2gica. L&#8217;objectiu d&#8217;aquet any \u00e9s reflexionar al voltant de la lectura i el treball pedag\u00f2gic en un context de diversitat a les aules. Enguany, la jornada tindr\u00e0 lloc el proper 26 de juny, en un lloc [&hellip;]<\/p>\n","protected":false},"author":1,"featured_media":0,"comment_status":"open","ping_status":"open","sticky":false,"template":"","format":"standard","meta":{"_bbp_topic_count":0,"_bbp_reply_count":0,"_bbp_total_topic_count":0,"_bbp_total_reply_count":0,"_bbp_voice_count":0,"_bbp_anonymous_reply_count":0,"_bbp_topic_count_hidden":0,"_bbp_reply_count_hidden":0,"_bbp_forum_subforum_count":0,"site-sidebar-layout":"default","site-content-layout":"","ast-site-content-layout":"default","site-content-style":"default","site-sidebar-style":"default","ast-global-header-display":"","ast-banner-title-visibility":"","ast-main-header-display":"","ast-hfb-above-header-display":"","ast-hfb-below-header-display":"","ast-hfb-mobile-header-display":"","site-post-title":"","ast-breadcrumbs-content":"","ast-featured-img":"","footer-sml-layout":"","theme-transparent-header-meta":"","adv-header-id-meta":"","stick-header-meta":"","header-above-stick-meta":"","header-main-stick-meta":"","header-below-stick-meta":"","astra-migrate-meta-layouts":"set","ast-page-background-enabled":"default","ast-page-background-meta":{"desktop":{"background-color":"var(--ast-global-color-4)","background-image":"","background-repeat":"repeat","background-position":"center center","background-size":"auto","background-attachment":"scroll","background-type":"","background-media":"","overlay-type":"","overlay-color":"","overlay-opacity":"","overlay-gradient":""},"tablet":{"background-color":"","background-image":"","background-repeat":"repeat","background-position":"center center","background-size":"auto","background-attachment":"scroll","background-type":"","background-media":"","overlay-type":"","overlay-color":"","overlay-opacity":"","overlay-gradient":""},"mobile":{"background-color":"","background-image":"","background-repeat":"repeat","background-position":"center center","background-size":"auto","background-attachment":"scroll","background-type":"","background-media":"","overlay-type":"","overlay-color":"","overlay-opacity":"","overlay-gradient":""}},"ast-content-background-meta":{"desktop":{"background-color":"var(--ast-global-color-5)","background-image":"","background-repeat":"repeat","background-position":"center center","background-size":"auto","background-attachment":"scroll","background-type":"","background-media":"","overlay-type":"","overlay-color":"","overlay-opacity":"","overlay-gradient":""},"tablet":{"background-color":"var(--ast-global-color-5)","background-image":"","background-repeat":"repeat","background-position":"center center","background-size":"auto","background-attachment":"scroll","background-type":"","background-media":"","overlay-type":"","overlay-color":"","overlay-opacity":"","overlay-gradient":""},"mobile":{"background-color":"var(--ast-global-color-5)","background-image":"","background-repeat":"repeat","background-position":"center center","background-size":"auto","background-attachment":"scroll","background-type":"","background-media":"","overlay-type":"","overlay-color":"","overlay-opacity":"","overlay-gradient":""}},"footnotes":""},"categories":[29],"tags":[],"class_list":["post-9614","post","type-post","status-publish","format-standard","hentry","category-portada"],"post_mailing_queue_ids":[],"_links":{"self":[{"href":"https:\/\/projectes.xtec.cat\/lic-cce\/wp-json\/wp\/v2\/posts\/9614","targetHints":{"allow":["GET"]}}],"collection":[{"href":"https:\/\/projectes.xtec.cat\/lic-cce\/wp-json\/wp\/v2\/posts"}],"about":[{"href":"https:\/\/projectes.xtec.cat\/lic-cce\/wp-json\/wp\/v2\/types\/post"}],"author":[{"embeddable":true,"href":"https:\/\/projectes.xtec.cat\/lic-cce\/wp-json\/wp\/v2\/users\/1"}],"replies":[{"embeddable":true,"href":"https:\/\/projectes.xtec.cat\/lic-cce\/wp-json\/wp\/v2\/comments?post=9614"}],"version-history":[{"count":6,"href":"https:\/\/projectes.xtec.cat\/lic-cce\/wp-json\/wp\/v2\/posts\/9614\/revisions"}],"predecessor-version":[{"id":9673,"href":"https:\/\/projectes.xtec.cat\/lic-cce\/wp-json\/wp\/v2\/posts\/9614\/revisions\/9673"}],"wp:attachment":[{"href":"https:\/\/projectes.xtec.cat\/lic-cce\/wp-json\/wp\/v2\/media?parent=9614"}],"wp:term":[{"taxonomy":"category","embeddable":true,"href":"https:\/\/projectes.xtec.cat\/lic-cce\/wp-json\/wp\/v2\/categories?post=9614"},{"taxonomy":"post_tag","embeddable":true,"href":"https:\/\/projectes.xtec.cat\/lic-cce\/wp-json\/wp\/v2\/tags?post=9614"}],"curies":[{"name":"wp","href":"https:\/\/api.w.org\/{rel}","templated":true}]}}