{"id":9874,"date":"2025-11-11T08:49:07","date_gmt":"2025-11-11T07:49:07","guid":{"rendered":"https:\/\/projectes.xtec.cat\/lic-cce\/?p=9874"},"modified":"2025-11-13T09:25:30","modified_gmt":"2025-11-13T08:25:30","slug":"la-lectura-clau-dacces-a-laprenentatge","status":"publish","type":"post","link":"https:\/\/projectes.xtec.cat\/lic-cce\/portada\/la-lectura-clau-dacces-a-laprenentatge\/","title":{"rendered":"La lectura, clau d\u2019acc\u00e9s a l\u2019aprenentatge"},"content":{"rendered":"\n<p><strong>Un centenar de persones prenen part a la trobada intermunicipal del LECXIT<\/strong><\/p>\n\n\n\n<p>La lectura va aplegar un centenar de persones, el passat 8 de novembre, al Museu de<br>l\u2019Esquerda, de Roda de Ter, amb motiu de la trobada comarcal \u201c<strong>Osona, territori lector\u201d.<\/strong><br>Els municipis de Roda de Ter, Vic, Manlleu, St.Hip\u00f2lit de Voltreg\u00e0, Masies de Voltreg\u00e0 i<br>Taradell comparteixen la seva aposta per la lectura, a trav\u00e9s del projecte LECXIT, que es<br>basa en trobades setmanals d\u2019un infant de 4t, 5\u00e8, o 6\u00e8 de Prim\u00e0ria, amb una persona<br>volunt\u00e0ria. Gr\u00e0cies a la implicaci\u00f3 d\u2019aquests voluntaris, els infants milloren la seva<br>comprensi\u00f3 lectora, al mateix temps que es van endinsant en el plaer de la lectura.<br>Pep Prat, de la Fundaci\u00f3 Bofill, va encetar l\u2019acte, agraint la implicaci\u00f3 de tantes persones<br>que formen part del projecte: volunt\u00e0ries, fam\u00edlies, Ajuntaments, escoles, assessores LIC,<br>coordinadores dels diferents punts\u2026 \u201ctots plegats amb un prop\u00f2sit com\u00fa, el de millorar la<br>comprensi\u00f3 lectora dels infants\u201d.<br>Tot seguit, l\u2019alcalde de Roda de Ter, Toni Mas, va fer un paral\u00b7lelisme de l\u2018arqueologia<br>amb l\u2019educaci\u00f3, aprofitant que l\u2019acte tenia lloc al Museu del Jaciment Arqueol\u00f2gic de<br>l\u2018Esquerda: \u201cl\u2019arqueologia busca all\u00f2 amagat, avui fem trobada dels arque\u00f2legs\/es de la<br>lectura i que busquen a dins dels infants, all\u00f2 que ja hi ha\u201d.<\/p>\n\n\n\n<p><strong>Taula rodona: \u201dEl LECXIT des de la mirada municipal\u201d<\/strong><br>Representants de cadascun dels municipis que acullen el LECXIT van compartir una<br>taula rodona, per expressar els beneficis que veuen en el projecte i les particularitats de<br>cada territori, a l\u2019hora de portar-lo a terme.<br>Hi van prendre part els regidors i regidores d\u2019Educaci\u00f3 de Taradell, Montse Font; de Sant<br>Hip\u00f2lit, Miquel Viladelbosch; de Les Masies de Voltreg\u00e0, Gemma S\u00e1nchez, i de Vic,<br>Elisabet Franquesa, respectivament, aix\u00ed com tamb\u00e9 la regidora de Cultura de Roda de<br>Ter, Elisabet Contreras, i la directora de la biblioteca de Manlleu, N\u00faria Silvestre. Totes<br>les persones de la taula van coincidir a remarcar la import\u00e0ncia de la lectura per a la<br>formaci\u00f3 dels infants i com una bona comprensi\u00f3 lectora i un h\u00e0bit lector poden contribuir<br>notablement a facilitar el cam\u00ed de l\u2019aprenentatge.<br>Acte seguit van intervenir Dolors Dot i Isabel Munta\u00f1\u00e0, les dues impulsores de la trobada.<br>Dot, actual coordinadora de Lecxit Vic, va explicar com es va iniciar el projecte a Roda de<br>Ter, el 2013, i que anys m\u00e9s tard, l\u2019octubre del 2024 es va constituir la Xarxa Lecxit de<br>municipis d\u2019Osona, amb representaci\u00f3 de sis municipis. \u201cAquest curs se sobrepassen els<br>80 voluntaris en el conjunt dels punts\u201d. Dolors Dot va avan\u00e7ar que el proper mes de gener<br>s\u2019incorporar\u00e0 un nou municipi a la xarxa comarcal.<br>Isabel Munta\u00f1\u00e0, tamb\u00e9 impulsora de la trobada intermunicipal, i coordinadora del Lecxit al<br>Voltregan\u00e8s, va presentar un v\u00eddeo que recull la veu de diferents persones implicades als<br>diferents municipis: voluntaris, infants, mares, t\u00e8cnica municipal, bibliotec\u00e0ria\u2026<\/p>\n\n\n\n<p><strong>Tallers simultanis<\/strong><\/p>\n\n\n\n<p>A mig mat\u00ed es va donar pas a la segona part de la trobada, uns tallers paral\u00b7lels sobre<br>lectura, de la m\u00e0 de <strong>Joan Portell<\/strong>, amb una xerrada a les fam\u00edlies per recomanar-los com<br>integrar la lectura en el dia a dia dels infants;<strong> Marc Alabart<\/strong>, qui va repassar els<br>components que intervenen en el proc\u00e9s lector, i <strong>Guillem Fargas<\/strong>, amb el qual es va<br>generar un interessant debat al voltant d\u2019aspectes com ara quins tipus de llibre es poden<br>oferir a cada infant, quina import\u00e0ncia t\u00e9 la imatge i com es pot fer lectura il\u00b7lustrada.<br>Simult\u00e0niament a aquests, els trenta infants assistents a la jornada van poder participar<br>en un taller de poesia visual de Joan Brossa, a c\u00e0rrec de Julieta Torrents.<\/p>\n\n\n\n<p><strong>Cloenda de la jornada<\/strong><br>Poc despr\u00e9s de la 1 del migdia es va cloure la trobada, amb Marc Alabart, un dels<br>talleristes, que va contar la hist\u00f2ria de l&#8217;\u00e0lbum il\u00b7lustrat, \u201cLa gran f\u00e0brica de les paraules\u201d.<br>De nou, va prendre la paraula Pep Prat, de la Fundaci\u00f3 Bofill, amb un agra\u00efment a tots<br>els participants, en especial a les persones volunt\u00e0ries que, setmana rere setmana,<br>destinen el seu temps a acompanyar un infant en aquest proc\u00e9s tan complex i necessari<br>com \u00e9s la comprensi\u00f3 lectora.<\/p>\n\n\n\n<div class=\"wp-block-media-text is-stacked-on-mobile\"><figure class=\"wp-block-media-text__media\"><video controls src=\"https:\/\/projectes.xtec.cat\/lic-cce\/wp-content\/uploads\/usu2122\/2025\/11\/VID-20251108-WA0005.mp4\"><\/video><\/figure><div class=\"wp-block-media-text__content\">\n<p><\/p>\n<\/div><\/div>\n","protected":false},"excerpt":{"rendered":"<p>Un centenar de persones prenen part a la trobada intermunicipal del LECXIT La lectura va aplegar un centenar de persones, el passat 8 de novembre, al Museu del\u2019Esquerda, de Roda de Ter, amb motiu de la trobada comarcal \u201cOsona, territori lector\u201d.Els municipis de Roda de Ter, Vic, Manlleu, St.Hip\u00f2lit de Voltreg\u00e0, Masies de Voltreg\u00e0 iTaradell [&hellip;]<\/p>\n","protected":false},"author":1,"featured_media":9884,"comment_status":"open","ping_status":"open","sticky":false,"template":"","format":"standard","meta":{"_bbp_topic_count":0,"_bbp_reply_count":0,"_bbp_total_topic_count":0,"_bbp_total_reply_count":0,"_bbp_voice_count":0,"_bbp_anonymous_reply_count":0,"_bbp_topic_count_hidden":0,"_bbp_reply_count_hidden":0,"_bbp_forum_subforum_count":0,"site-sidebar-layout":"default","site-content-layout":"","ast-site-content-layout":"default","site-content-style":"default","site-sidebar-style":"default","ast-global-header-display":"","ast-banner-title-visibility":"","ast-main-header-display":"","ast-hfb-above-header-display":"","ast-hfb-below-header-display":"","ast-hfb-mobile-header-display":"","site-post-title":"","ast-breadcrumbs-content":"","ast-featured-img":"","footer-sml-layout":"","theme-transparent-header-meta":"","adv-header-id-meta":"","stick-header-meta":"","header-above-stick-meta":"","header-main-stick-meta":"","header-below-stick-meta":"","astra-migrate-meta-layouts":"set","ast-page-background-enabled":"default","ast-page-background-meta":{"desktop":{"background-color":"var(--ast-global-color-4)","background-image":"","background-repeat":"repeat","background-position":"center center","background-size":"auto","background-attachment":"scroll","background-type":"","background-media":"","overlay-type":"","overlay-color":"","overlay-opacity":"","overlay-gradient":""},"tablet":{"background-color":"","background-image":"","background-repeat":"repeat","background-position":"center center","background-size":"auto","background-attachment":"scroll","background-type":"","background-media":"","overlay-type":"","overlay-color":"","overlay-opacity":"","overlay-gradient":""},"mobile":{"background-color":"","background-image":"","background-repeat":"repeat","background-position":"center center","background-size":"auto","background-attachment":"scroll","background-type":"","background-media":"","overlay-type":"","overlay-color":"","overlay-opacity":"","overlay-gradient":""}},"ast-content-background-meta":{"desktop":{"background-color":"var(--ast-global-color-5)","background-image":"","background-repeat":"repeat","background-position":"center center","background-size":"auto","background-attachment":"scroll","background-type":"","background-media":"","overlay-type":"","overlay-color":"","overlay-opacity":"","overlay-gradient":""},"tablet":{"background-color":"var(--ast-global-color-5)","background-image":"","background-repeat":"repeat","background-position":"center center","background-size":"auto","background-attachment":"scroll","background-type":"","background-media":"","overlay-type":"","overlay-color":"","overlay-opacity":"","overlay-gradient":""},"mobile":{"background-color":"var(--ast-global-color-5)","background-image":"","background-repeat":"repeat","background-position":"center center","background-size":"auto","background-attachment":"scroll","background-type":"","background-media":"","overlay-type":"","overlay-color":"","overlay-opacity":"","overlay-gradient":""}},"footnotes":""},"categories":[29],"tags":[],"class_list":["post-9874","post","type-post","status-publish","format-standard","has-post-thumbnail","hentry","category-portada"],"post_mailing_queue_ids":[],"_links":{"self":[{"href":"https:\/\/projectes.xtec.cat\/lic-cce\/wp-json\/wp\/v2\/posts\/9874","targetHints":{"allow":["GET"]}}],"collection":[{"href":"https:\/\/projectes.xtec.cat\/lic-cce\/wp-json\/wp\/v2\/posts"}],"about":[{"href":"https:\/\/projectes.xtec.cat\/lic-cce\/wp-json\/wp\/v2\/types\/post"}],"author":[{"embeddable":true,"href":"https:\/\/projectes.xtec.cat\/lic-cce\/wp-json\/wp\/v2\/users\/1"}],"replies":[{"embeddable":true,"href":"https:\/\/projectes.xtec.cat\/lic-cce\/wp-json\/wp\/v2\/comments?post=9874"}],"version-history":[{"count":2,"href":"https:\/\/projectes.xtec.cat\/lic-cce\/wp-json\/wp\/v2\/posts\/9874\/revisions"}],"predecessor-version":[{"id":9885,"href":"https:\/\/projectes.xtec.cat\/lic-cce\/wp-json\/wp\/v2\/posts\/9874\/revisions\/9885"}],"wp:featuredmedia":[{"embeddable":true,"href":"https:\/\/projectes.xtec.cat\/lic-cce\/wp-json\/wp\/v2\/media\/9884"}],"wp:attachment":[{"href":"https:\/\/projectes.xtec.cat\/lic-cce\/wp-json\/wp\/v2\/media?parent=9874"}],"wp:term":[{"taxonomy":"category","embeddable":true,"href":"https:\/\/projectes.xtec.cat\/lic-cce\/wp-json\/wp\/v2\/categories?post=9874"},{"taxonomy":"post_tag","embeddable":true,"href":"https:\/\/projectes.xtec.cat\/lic-cce\/wp-json\/wp\/v2\/tags?post=9874"}],"curies":[{"name":"wp","href":"https:\/\/api.w.org\/{rel}","templated":true}]}}