{"id":10590,"date":"2023-03-14T17:31:40","date_gmt":"2023-03-14T16:31:40","guid":{"rendered":"https:\/\/projectes.xtec.cat\/memoriaieducacio\/?p=10590"},"modified":"2023-03-15T17:46:06","modified_gmt":"2023-03-15T16:46:06","slug":"seminari-deportacio-i-treballs-forcats-durant-el-tercer-reich-des-de-la-perspectiva-iberica-un-enfocament-didactic-inscripcio-fins-el-22-de-marc","status":"publish","type":"post","link":"https:\/\/projectes.xtec.cat\/memoriaieducacio\/noticies\/seminari-deportacio-i-treballs-forcats-durant-el-tercer-reich-des-de-la-perspectiva-iberica-un-enfocament-didactic-inscripcio-fins-el-22-de-marc\/","title":{"rendered":"Seminari &#8220;Deportaci\u00f3 i treballs for\u00e7ats durant el Tercer Reich des de la perspectiva ib\u00e8rica: un enfocament did\u00e0ctic&#8221;. Inscripci\u00f3 fins el 22 de mar\u00e7"},"content":{"rendered":"<p><a href=\"https:\/\/www.ub.edu\/idp\/web\/ca\/cursos\/ips\/2023\/reich\"><img loading=\"lazy\" decoding=\"async\" class=\"size-full wp-image-10591 aligncenter\" src=\"https:\/\/projectes.xtec.cat\/memoriaieducacio\/wp-content\/uploads\/usu2168\/2023\/03\/deportacio-i-treballs-forc\u0327ats.jpg\" alt=\"\" width=\"899\" height=\"823\" srcset=\"https:\/\/projectes.xtec.cat\/memoriaieducacio\/wp-content\/uploads\/usu2168\/2023\/03\/deportacio-i-treballs-forc\u0327ats.jpg 899w, https:\/\/projectes.xtec.cat\/memoriaieducacio\/wp-content\/uploads\/usu2168\/2023\/03\/deportacio-i-treballs-forc\u0327ats-300x275.jpg 300w, https:\/\/projectes.xtec.cat\/memoriaieducacio\/wp-content\/uploads\/usu2168\/2023\/03\/deportacio-i-treballs-forc\u0327ats-768x703.jpg 768w\" sizes=\"auto, (max-width: 899px) 100vw, 899px\" \/><\/a><\/p>\n","protected":false},"excerpt":{"rendered":"<p><a href=\"https:\/\/www.ub.edu\/idp\/web\/ca\/cursos\/ips\/2023\/reich\"><\/a><\/p>\n","protected":false},"author":1,"featured_media":10592,"comment_status":"closed","ping_status":"closed","sticky":false,"template":"","format":"standard","meta":{"_bbp_topic_count":0,"_bbp_reply_count":0,"_bbp_total_topic_count":0,"_bbp_total_reply_count":0,"_bbp_voice_count":0,"_bbp_anonymous_reply_count":0,"_bbp_topic_count_hidden":0,"_bbp_reply_count_hidden":0,"_bbp_forum_subforum_count":0,"footnotes":""},"categories":[285],"tags":[],"class_list":["post-10590","post","type-post","status-publish","format-standard","has-post-thumbnail","hentry","category-noticies"],"post_mailing_queue_ids":[],"_links":{"self":[{"href":"https:\/\/projectes.xtec.cat\/memoriaieducacio\/wp-json\/wp\/v2\/posts\/10590","targetHints":{"allow":["GET"]}}],"collection":[{"href":"https:\/\/projectes.xtec.cat\/memoriaieducacio\/wp-json\/wp\/v2\/posts"}],"about":[{"href":"https:\/\/projectes.xtec.cat\/memoriaieducacio\/wp-json\/wp\/v2\/types\/post"}],"author":[{"embeddable":true,"href":"https:\/\/projectes.xtec.cat\/memoriaieducacio\/wp-json\/wp\/v2\/users\/1"}],"replies":[{"embeddable":true,"href":"https:\/\/projectes.xtec.cat\/memoriaieducacio\/wp-json\/wp\/v2\/comments?post=10590"}],"version-history":[{"count":1,"href":"https:\/\/projectes.xtec.cat\/memoriaieducacio\/wp-json\/wp\/v2\/posts\/10590\/revisions"}],"predecessor-version":[{"id":10593,"href":"https:\/\/projectes.xtec.cat\/memoriaieducacio\/wp-json\/wp\/v2\/posts\/10590\/revisions\/10593"}],"wp:featuredmedia":[{"embeddable":true,"href":"https:\/\/projectes.xtec.cat\/memoriaieducacio\/wp-json\/wp\/v2\/media\/10592"}],"wp:attachment":[{"href":"https:\/\/projectes.xtec.cat\/memoriaieducacio\/wp-json\/wp\/v2\/media?parent=10590"}],"wp:term":[{"taxonomy":"category","embeddable":true,"href":"https:\/\/projectes.xtec.cat\/memoriaieducacio\/wp-json\/wp\/v2\/categories?post=10590"},{"taxonomy":"post_tag","embeddable":true,"href":"https:\/\/projectes.xtec.cat\/memoriaieducacio\/wp-json\/wp\/v2\/tags?post=10590"}],"curies":[{"name":"wp","href":"https:\/\/api.w.org\/{rel}","templated":true}]}}