{"id":10718,"date":"2023-03-27T10:15:25","date_gmt":"2023-03-27T08:15:25","guid":{"rendered":"https:\/\/projectes.xtec.cat\/memoriaieducacio\/?p=10718"},"modified":"2023-03-30T09:36:10","modified_gmt":"2023-03-30T07:36:10","slug":"exposicio-fotografica-1322-refugis-antiaeris-de-barcelona-del-30-de-marc-al-31-de-juliol","status":"publish","type":"post","link":"https:\/\/projectes.xtec.cat\/memoriaieducacio\/general\/exposicio-fotografica-1322-refugis-antiaeris-de-barcelona-del-30-de-marc-al-31-de-juliol\/","title":{"rendered":"Exposici\u00f3 fotogr\u00e0fica &#8216;1322 refugis antiaeris de Barcelona&#8217;. Del 30 de mar\u00e7 al 31 de juliol"},"content":{"rendered":"<p><a href=\"https:\/\/ajuntament.barcelona.cat\/memoriademocratica\/ca\/programa\/refugis-antiaeris\/\"><img loading=\"lazy\" decoding=\"async\" class=\"size-full wp-image-10719 aligncenter\" src=\"https:\/\/projectes.xtec.cat\/memoriaieducacio\/wp-content\/uploads\/usu2168\/2023\/03\/1322refugis_800x549.jpg\" alt=\"\" width=\"800\" height=\"549\" srcset=\"https:\/\/projectes.xtec.cat\/memoriaieducacio\/wp-content\/uploads\/usu2168\/2023\/03\/1322refugis_800x549.jpg 800w, https:\/\/projectes.xtec.cat\/memoriaieducacio\/wp-content\/uploads\/usu2168\/2023\/03\/1322refugis_800x549-300x206.jpg 300w, https:\/\/projectes.xtec.cat\/memoriaieducacio\/wp-content\/uploads\/usu2168\/2023\/03\/1322refugis_800x549-768x527.jpg 768w\" sizes=\"auto, (max-width: 800px) 100vw, 800px\" \/><\/a><\/p>\n","protected":false},"excerpt":{"rendered":"<p><a href=\"https:\/\/ajuntament.barcelona.cat\/memoriademocratica\/ca\/programa\/refugis-antiaeris\/\"><\/a><\/p>\n","protected":false},"author":1,"featured_media":10720,"comment_status":"closed","ping_status":"closed","sticky":false,"template":"","format":"standard","meta":{"_bbp_topic_count":0,"_bbp_reply_count":0,"_bbp_total_topic_count":0,"_bbp_total_reply_count":0,"_bbp_voice_count":0,"_bbp_anonymous_reply_count":0,"_bbp_topic_count_hidden":0,"_bbp_reply_count_hidden":0,"_bbp_forum_subforum_count":0,"footnotes":""},"categories":[1,285],"tags":[],"class_list":["post-10718","post","type-post","status-publish","format-standard","has-post-thumbnail","hentry","category-general","category-noticies"],"post_mailing_queue_ids":[],"_links":{"self":[{"href":"https:\/\/projectes.xtec.cat\/memoriaieducacio\/wp-json\/wp\/v2\/posts\/10718","targetHints":{"allow":["GET"]}}],"collection":[{"href":"https:\/\/projectes.xtec.cat\/memoriaieducacio\/wp-json\/wp\/v2\/posts"}],"about":[{"href":"https:\/\/projectes.xtec.cat\/memoriaieducacio\/wp-json\/wp\/v2\/types\/post"}],"author":[{"embeddable":true,"href":"https:\/\/projectes.xtec.cat\/memoriaieducacio\/wp-json\/wp\/v2\/users\/1"}],"replies":[{"embeddable":true,"href":"https:\/\/projectes.xtec.cat\/memoriaieducacio\/wp-json\/wp\/v2\/comments?post=10718"}],"version-history":[{"count":1,"href":"https:\/\/projectes.xtec.cat\/memoriaieducacio\/wp-json\/wp\/v2\/posts\/10718\/revisions"}],"predecessor-version":[{"id":10721,"href":"https:\/\/projectes.xtec.cat\/memoriaieducacio\/wp-json\/wp\/v2\/posts\/10718\/revisions\/10721"}],"wp:featuredmedia":[{"embeddable":true,"href":"https:\/\/projectes.xtec.cat\/memoriaieducacio\/wp-json\/wp\/v2\/media\/10720"}],"wp:attachment":[{"href":"https:\/\/projectes.xtec.cat\/memoriaieducacio\/wp-json\/wp\/v2\/media?parent=10718"}],"wp:term":[{"taxonomy":"category","embeddable":true,"href":"https:\/\/projectes.xtec.cat\/memoriaieducacio\/wp-json\/wp\/v2\/categories?post=10718"},{"taxonomy":"post_tag","embeddable":true,"href":"https:\/\/projectes.xtec.cat\/memoriaieducacio\/wp-json\/wp\/v2\/tags?post=10718"}],"curies":[{"name":"wp","href":"https:\/\/api.w.org\/{rel}","templated":true}]}}