{"id":10815,"date":"2023-05-05T18:52:41","date_gmt":"2023-05-05T16:52:41","guid":{"rendered":"https:\/\/projectes.xtec.cat\/memoriaieducacio\/?p=10815"},"modified":"2023-05-05T18:52:41","modified_gmt":"2023-05-05T16:52:41","slug":"conferencia-la-invasio-ducraina-i-el-nou-desordre-de-seguretat-global-17-de-maig","status":"publish","type":"post","link":"https:\/\/projectes.xtec.cat\/memoriaieducacio\/noticies\/conferencia-la-invasio-ducraina-i-el-nou-desordre-de-seguretat-global-17-de-maig\/","title":{"rendered":"Confer\u00e8ncia &#8220;La invasi\u00f3 d&#8217;Ucra\u00efna i el nou (des)ordre de seguretat global&#8221;. 17 de maig"},"content":{"rendered":"<p><a href=\"https:\/\/memoria.gencat.cat\/ca\/actualitat\/activitats\/detalls\/activitatagenda\/La-invasio-dUcraina-i-el-nou-desordre-de-seguretat-global\"><img loading=\"lazy\" decoding=\"async\" class=\"size-full wp-image-10816 aligncenter\" src=\"https:\/\/projectes.xtec.cat\/memoriaieducacio\/wp-content\/uploads\/usu2168\/2023\/05\/lainvasioducraina_gran_1000x722.jpg\" alt=\"\" width=\"1000\" height=\"722\" srcset=\"https:\/\/projectes.xtec.cat\/memoriaieducacio\/wp-content\/uploads\/usu2168\/2023\/05\/lainvasioducraina_gran_1000x722.jpg 1000w, https:\/\/projectes.xtec.cat\/memoriaieducacio\/wp-content\/uploads\/usu2168\/2023\/05\/lainvasioducraina_gran_1000x722-300x217.jpg 300w, https:\/\/projectes.xtec.cat\/memoriaieducacio\/wp-content\/uploads\/usu2168\/2023\/05\/lainvasioducraina_gran_1000x722-768x554.jpg 768w\" sizes=\"auto, (max-width: 1000px) 100vw, 1000px\" \/><\/a><\/p>\n","protected":false},"excerpt":{"rendered":"<p><a href=\"https:\/\/memoria.gencat.cat\/ca\/actualitat\/activitats\/detalls\/activitatagenda\/La-invasio-dUcraina-i-el-nou-desordre-de-seguretat-global\"><\/a><\/p>\n","protected":false},"author":1,"featured_media":10817,"comment_status":"closed","ping_status":"closed","sticky":false,"template":"","format":"standard","meta":{"_bbp_topic_count":0,"_bbp_reply_count":0,"_bbp_total_topic_count":0,"_bbp_total_reply_count":0,"_bbp_voice_count":0,"_bbp_anonymous_reply_count":0,"_bbp_topic_count_hidden":0,"_bbp_reply_count_hidden":0,"_bbp_forum_subforum_count":0,"footnotes":""},"categories":[285],"tags":[],"class_list":["post-10815","post","type-post","status-publish","format-standard","has-post-thumbnail","hentry","category-noticies"],"post_mailing_queue_ids":[],"_links":{"self":[{"href":"https:\/\/projectes.xtec.cat\/memoriaieducacio\/wp-json\/wp\/v2\/posts\/10815","targetHints":{"allow":["GET"]}}],"collection":[{"href":"https:\/\/projectes.xtec.cat\/memoriaieducacio\/wp-json\/wp\/v2\/posts"}],"about":[{"href":"https:\/\/projectes.xtec.cat\/memoriaieducacio\/wp-json\/wp\/v2\/types\/post"}],"author":[{"embeddable":true,"href":"https:\/\/projectes.xtec.cat\/memoriaieducacio\/wp-json\/wp\/v2\/users\/1"}],"replies":[{"embeddable":true,"href":"https:\/\/projectes.xtec.cat\/memoriaieducacio\/wp-json\/wp\/v2\/comments?post=10815"}],"version-history":[{"count":1,"href":"https:\/\/projectes.xtec.cat\/memoriaieducacio\/wp-json\/wp\/v2\/posts\/10815\/revisions"}],"predecessor-version":[{"id":10818,"href":"https:\/\/projectes.xtec.cat\/memoriaieducacio\/wp-json\/wp\/v2\/posts\/10815\/revisions\/10818"}],"wp:featuredmedia":[{"embeddable":true,"href":"https:\/\/projectes.xtec.cat\/memoriaieducacio\/wp-json\/wp\/v2\/media\/10817"}],"wp:attachment":[{"href":"https:\/\/projectes.xtec.cat\/memoriaieducacio\/wp-json\/wp\/v2\/media?parent=10815"}],"wp:term":[{"taxonomy":"category","embeddable":true,"href":"https:\/\/projectes.xtec.cat\/memoriaieducacio\/wp-json\/wp\/v2\/categories?post=10815"},{"taxonomy":"post_tag","embeddable":true,"href":"https:\/\/projectes.xtec.cat\/memoriaieducacio\/wp-json\/wp\/v2\/tags?post=10815"}],"curies":[{"name":"wp","href":"https:\/\/api.w.org\/{rel}","templated":true}]}}