{"id":11114,"date":"2023-07-05T09:33:15","date_gmt":"2023-07-05T07:33:15","guid":{"rendered":"https:\/\/projectes.xtec.cat\/memoriaieducacio\/?p=11114"},"modified":"2023-07-05T09:35:14","modified_gmt":"2023-07-05T07:35:14","slug":"jornada-historia-i-memoria-converses-pedagogiques-i-intercanvi-dexperiencies-20-i-21-doctubre","status":"publish","type":"post","link":"https:\/\/projectes.xtec.cat\/memoriaieducacio\/noticies\/jornada-historia-i-memoria-converses-pedagogiques-i-intercanvi-dexperiencies-20-i-21-doctubre\/","title":{"rendered":"Jornada &#8220;Hist\u00f2ria i Mem\u00f2ria: Converses Pedag\u00f2giques i Intercanvi d&#8217;Experi\u00e8ncies&#8221;. 20 i 21 d&#8217;octubre"},"content":{"rendered":"<p><a href=\"https:\/\/projectes.xtec.cat\/memoriaieducacio\/wp-content\/uploads\/usu2168\/2023\/07\/historiaimemoria_876x488.jpg\"><img loading=\"lazy\" decoding=\"async\" class=\"size-full wp-image-11115 aligncenter\" src=\"https:\/\/projectes.xtec.cat\/memoriaieducacio\/wp-content\/uploads\/usu2168\/2023\/07\/historiaimemoria_876x488.jpg\" alt=\"\" width=\"876\" height=\"488\" srcset=\"https:\/\/projectes.xtec.cat\/memoriaieducacio\/wp-content\/uploads\/usu2168\/2023\/07\/historiaimemoria_876x488.jpg 876w, https:\/\/projectes.xtec.cat\/memoriaieducacio\/wp-content\/uploads\/usu2168\/2023\/07\/historiaimemoria_876x488-300x167.jpg 300w, https:\/\/projectes.xtec.cat\/memoriaieducacio\/wp-content\/uploads\/usu2168\/2023\/07\/historiaimemoria_876x488-768x428.jpg 768w\" sizes=\"auto, (max-width: 876px) 100vw, 876px\" \/><\/a><\/p>\n<p><a href=\"https:\/\/forms.office.com\/pages\/responsepage.aspx?id=3CeUOw7TvEOMBv9yU2dv7MLECx0FDlhBsUfawbHPcXJUQkEyUVozWEQ5UzhNWDk1SThITUdWUjJEVy4u\">Inscripci\u00f3<\/a><\/p>\n","protected":false},"excerpt":{"rendered":"<p><a href=\"https:\/\/projectes.xtec.cat\/memoriaieducacio\/wp-content\/uploads\/usu2168\/2023\/07\/historiaimemoria_876x488.jpg\"><\/a><br \/>\n<a href=\"https:\/\/forms.office.com\/pages\/responsepage.aspx?id=3CeUOw7TvEOMBv9yU2dv7MLECx0FDlhBsUfawbHPcXJUQkEyUVozWEQ5UzhNWDk1SThITUdWUjJEVy4u\">Inscripci\u00f3<\/a><\/p>\n","protected":false},"author":1,"featured_media":11116,"comment_status":"closed","ping_status":"closed","sticky":false,"template":"","format":"standard","meta":{"_bbp_topic_count":0,"_bbp_reply_count":0,"_bbp_total_topic_count":0,"_bbp_total_reply_count":0,"_bbp_voice_count":0,"_bbp_anonymous_reply_count":0,"_bbp_topic_count_hidden":0,"_bbp_reply_count_hidden":0,"_bbp_forum_subforum_count":0,"footnotes":""},"categories":[285],"tags":[],"class_list":["post-11114","post","type-post","status-publish","format-standard","has-post-thumbnail","hentry","category-noticies"],"post_mailing_queue_ids":[],"_links":{"self":[{"href":"https:\/\/projectes.xtec.cat\/memoriaieducacio\/wp-json\/wp\/v2\/posts\/11114","targetHints":{"allow":["GET"]}}],"collection":[{"href":"https:\/\/projectes.xtec.cat\/memoriaieducacio\/wp-json\/wp\/v2\/posts"}],"about":[{"href":"https:\/\/projectes.xtec.cat\/memoriaieducacio\/wp-json\/wp\/v2\/types\/post"}],"author":[{"embeddable":true,"href":"https:\/\/projectes.xtec.cat\/memoriaieducacio\/wp-json\/wp\/v2\/users\/1"}],"replies":[{"embeddable":true,"href":"https:\/\/projectes.xtec.cat\/memoriaieducacio\/wp-json\/wp\/v2\/comments?post=11114"}],"version-history":[{"count":2,"href":"https:\/\/projectes.xtec.cat\/memoriaieducacio\/wp-json\/wp\/v2\/posts\/11114\/revisions"}],"predecessor-version":[{"id":11118,"href":"https:\/\/projectes.xtec.cat\/memoriaieducacio\/wp-json\/wp\/v2\/posts\/11114\/revisions\/11118"}],"wp:featuredmedia":[{"embeddable":true,"href":"https:\/\/projectes.xtec.cat\/memoriaieducacio\/wp-json\/wp\/v2\/media\/11116"}],"wp:attachment":[{"href":"https:\/\/projectes.xtec.cat\/memoriaieducacio\/wp-json\/wp\/v2\/media?parent=11114"}],"wp:term":[{"taxonomy":"category","embeddable":true,"href":"https:\/\/projectes.xtec.cat\/memoriaieducacio\/wp-json\/wp\/v2\/categories?post=11114"},{"taxonomy":"post_tag","embeddable":true,"href":"https:\/\/projectes.xtec.cat\/memoriaieducacio\/wp-json\/wp\/v2\/tags?post=11114"}],"curies":[{"name":"wp","href":"https:\/\/api.w.org\/{rel}","templated":true}]}}