{"id":11239,"date":"2023-10-04T12:05:28","date_gmt":"2023-10-04T10:05:28","guid":{"rendered":"https:\/\/projectes.xtec.cat\/memoriaieducacio\/?p=11239"},"modified":"2023-10-16T20:22:40","modified_gmt":"2023-10-16T18:22:40","slug":"historia-memoria-i-didactica-dels-camps-de-concentracio-nazis-els-casos-de-dachau-i-mauthausen-gusen-inscripcio-fins-el-10-doctubre","status":"publish","type":"post","link":"https:\/\/projectes.xtec.cat\/memoriaieducacio\/noticies\/historia-memoria-i-didactica-dels-camps-de-concentracio-nazis-els-casos-de-dachau-i-mauthausen-gusen-inscripcio-fins-el-10-doctubre\/","title":{"rendered":"&#8220;Hist\u00f2ria, mem\u00f2ria i did\u00e0ctica dels camps de concentraci\u00f3 nazis: els casos de Dachau i Mauthausen-Gusen&#8221;. Inscripci\u00f3 fins el 10 d&#8217;octubre"},"content":{"rendered":"<p><a href=\"https:\/\/www.ub.edu\/idp\/web\/ca\/cursos\/ips\/historia\"><img loading=\"lazy\" decoding=\"async\" class=\"size-full wp-image-11240 aligncenter\" src=\"https:\/\/projectes.xtec.cat\/memoriaieducacio\/wp-content\/uploads\/usu2168\/2023\/10\/historiadachauimauthausen_880x900.jpg\" alt=\"\" width=\"880\" height=\"900\" srcset=\"https:\/\/projectes.xtec.cat\/memoriaieducacio\/wp-content\/uploads\/usu2168\/2023\/10\/historiadachauimauthausen_880x900.jpg 880w, https:\/\/projectes.xtec.cat\/memoriaieducacio\/wp-content\/uploads\/usu2168\/2023\/10\/historiadachauimauthausen_880x900-293x300.jpg 293w, https:\/\/projectes.xtec.cat\/memoriaieducacio\/wp-content\/uploads\/usu2168\/2023\/10\/historiadachauimauthausen_880x900-768x785.jpg 768w\" sizes=\"auto, (max-width: 880px) 100vw, 880px\" \/><\/a><\/p>\n","protected":false},"excerpt":{"rendered":"<p><a href=\"https:\/\/www.ub.edu\/idp\/web\/ca\/cursos\/ips\/historia\"><\/a><\/p>\n","protected":false},"author":1,"featured_media":11241,"comment_status":"closed","ping_status":"closed","sticky":false,"template":"","format":"standard","meta":{"_bbp_topic_count":0,"_bbp_reply_count":0,"_bbp_total_topic_count":0,"_bbp_total_reply_count":0,"_bbp_voice_count":0,"_bbp_anonymous_reply_count":0,"_bbp_topic_count_hidden":0,"_bbp_reply_count_hidden":0,"_bbp_forum_subforum_count":0,"footnotes":""},"categories":[285],"tags":[],"class_list":["post-11239","post","type-post","status-publish","format-standard","has-post-thumbnail","hentry","category-noticies"],"post_mailing_queue_ids":[],"_links":{"self":[{"href":"https:\/\/projectes.xtec.cat\/memoriaieducacio\/wp-json\/wp\/v2\/posts\/11239","targetHints":{"allow":["GET"]}}],"collection":[{"href":"https:\/\/projectes.xtec.cat\/memoriaieducacio\/wp-json\/wp\/v2\/posts"}],"about":[{"href":"https:\/\/projectes.xtec.cat\/memoriaieducacio\/wp-json\/wp\/v2\/types\/post"}],"author":[{"embeddable":true,"href":"https:\/\/projectes.xtec.cat\/memoriaieducacio\/wp-json\/wp\/v2\/users\/1"}],"replies":[{"embeddable":true,"href":"https:\/\/projectes.xtec.cat\/memoriaieducacio\/wp-json\/wp\/v2\/comments?post=11239"}],"version-history":[{"count":1,"href":"https:\/\/projectes.xtec.cat\/memoriaieducacio\/wp-json\/wp\/v2\/posts\/11239\/revisions"}],"predecessor-version":[{"id":11242,"href":"https:\/\/projectes.xtec.cat\/memoriaieducacio\/wp-json\/wp\/v2\/posts\/11239\/revisions\/11242"}],"wp:featuredmedia":[{"embeddable":true,"href":"https:\/\/projectes.xtec.cat\/memoriaieducacio\/wp-json\/wp\/v2\/media\/11241"}],"wp:attachment":[{"href":"https:\/\/projectes.xtec.cat\/memoriaieducacio\/wp-json\/wp\/v2\/media?parent=11239"}],"wp:term":[{"taxonomy":"category","embeddable":true,"href":"https:\/\/projectes.xtec.cat\/memoriaieducacio\/wp-json\/wp\/v2\/categories?post=11239"},{"taxonomy":"post_tag","embeddable":true,"href":"https:\/\/projectes.xtec.cat\/memoriaieducacio\/wp-json\/wp\/v2\/tags?post=11239"}],"curies":[{"name":"wp","href":"https:\/\/api.w.org\/{rel}","templated":true}]}}