{"id":11348,"date":"2023-11-30T18:21:20","date_gmt":"2023-11-30T17:21:20","guid":{"rendered":"https:\/\/projectes.xtec.cat\/memoriaieducacio\/?p=11348"},"modified":"2023-11-30T18:21:35","modified_gmt":"2023-11-30T17:21:35","slug":"descobrir-el-que-ha-estat-silenciat-didactica-sobre-la-participacio-italiana-a-la-guerra-civil-i-lexperiencia-dels-bombardejos-30-novembre-i-1-desembre","status":"publish","type":"post","link":"https:\/\/projectes.xtec.cat\/memoriaieducacio\/general\/descobrir-el-que-ha-estat-silenciat-didactica-sobre-la-participacio-italiana-a-la-guerra-civil-i-lexperiencia-dels-bombardejos-30-novembre-i-1-desembre\/","title":{"rendered":"Descobrir el que ha estat silenciat: Did\u00e0ctica sobre la participaci\u00f3 italiana a la Guerra Civil i l&#8217;experi\u00e8ncia dels bombardejos. 30 novembre i 1 desembre"},"content":{"rendered":"<p><a href=\"https:\/\/europeanmemories.net\/wp-content\/uploads\/sites\/19\/2023\/11\/PROGRAMA-PUBLIC_Descobrirel-quehaestatsilenciat_CAT_2023.pdf\"><img loading=\"lazy\" decoding=\"async\" class=\"size-full wp-image-11349 aligncenter\" src=\"https:\/\/projectes.xtec.cat\/memoriaieducacio\/wp-content\/uploads\/usu2168\/2023\/11\/descobrir_775x619.jpg\" alt=\"\" width=\"775\" height=\"619\" srcset=\"https:\/\/projectes.xtec.cat\/memoriaieducacio\/wp-content\/uploads\/usu2168\/2023\/11\/descobrir_775x619.jpg 775w, https:\/\/projectes.xtec.cat\/memoriaieducacio\/wp-content\/uploads\/usu2168\/2023\/11\/descobrir_775x619-300x240.jpg 300w, https:\/\/projectes.xtec.cat\/memoriaieducacio\/wp-content\/uploads\/usu2168\/2023\/11\/descobrir_775x619-768x613.jpg 768w\" sizes=\"auto, (max-width: 775px) 100vw, 775px\" \/><\/a><\/p>\n","protected":false},"excerpt":{"rendered":"<p><a href=\"https:\/\/europeanmemories.net\/wp-content\/uploads\/sites\/19\/2023\/11\/PROGRAMA-PUBLIC_Descobrirel-quehaestatsilenciat_CAT_2023.pdf\"><\/a><\/p>\n","protected":false},"author":1,"featured_media":11350,"comment_status":"closed","ping_status":"closed","sticky":false,"template":"","format":"standard","meta":{"_bbp_topic_count":0,"_bbp_reply_count":0,"_bbp_total_topic_count":0,"_bbp_total_reply_count":0,"_bbp_voice_count":0,"_bbp_anonymous_reply_count":0,"_bbp_topic_count_hidden":0,"_bbp_reply_count_hidden":0,"_bbp_forum_subforum_count":0,"footnotes":""},"categories":[1,285],"tags":[],"class_list":["post-11348","post","type-post","status-publish","format-standard","has-post-thumbnail","hentry","category-general","category-noticies"],"post_mailing_queue_ids":[],"_links":{"self":[{"href":"https:\/\/projectes.xtec.cat\/memoriaieducacio\/wp-json\/wp\/v2\/posts\/11348","targetHints":{"allow":["GET"]}}],"collection":[{"href":"https:\/\/projectes.xtec.cat\/memoriaieducacio\/wp-json\/wp\/v2\/posts"}],"about":[{"href":"https:\/\/projectes.xtec.cat\/memoriaieducacio\/wp-json\/wp\/v2\/types\/post"}],"author":[{"embeddable":true,"href":"https:\/\/projectes.xtec.cat\/memoriaieducacio\/wp-json\/wp\/v2\/users\/1"}],"replies":[{"embeddable":true,"href":"https:\/\/projectes.xtec.cat\/memoriaieducacio\/wp-json\/wp\/v2\/comments?post=11348"}],"version-history":[{"count":1,"href":"https:\/\/projectes.xtec.cat\/memoriaieducacio\/wp-json\/wp\/v2\/posts\/11348\/revisions"}],"predecessor-version":[{"id":11351,"href":"https:\/\/projectes.xtec.cat\/memoriaieducacio\/wp-json\/wp\/v2\/posts\/11348\/revisions\/11351"}],"wp:featuredmedia":[{"embeddable":true,"href":"https:\/\/projectes.xtec.cat\/memoriaieducacio\/wp-json\/wp\/v2\/media\/11350"}],"wp:attachment":[{"href":"https:\/\/projectes.xtec.cat\/memoriaieducacio\/wp-json\/wp\/v2\/media?parent=11348"}],"wp:term":[{"taxonomy":"category","embeddable":true,"href":"https:\/\/projectes.xtec.cat\/memoriaieducacio\/wp-json\/wp\/v2\/categories?post=11348"},{"taxonomy":"post_tag","embeddable":true,"href":"https:\/\/projectes.xtec.cat\/memoriaieducacio\/wp-json\/wp\/v2\/tags?post=11348"}],"curies":[{"name":"wp","href":"https:\/\/api.w.org\/{rel}","templated":true}]}}