{"id":11363,"date":"2023-12-05T20:24:44","date_gmt":"2023-12-05T19:24:44","guid":{"rendered":"https:\/\/projectes.xtec.cat\/memoriaieducacio\/?p=11363"},"modified":"2023-12-15T11:01:19","modified_gmt":"2023-12-15T10:01:19","slug":"conferencia-tornar-a-manuel-vazquez-montalban-una-literatura-imprescindible-en-la-recuperacio-de-la-memoria-democratica-14-desembre","status":"publish","type":"post","link":"https:\/\/projectes.xtec.cat\/memoriaieducacio\/noticies\/conferencia-tornar-a-manuel-vazquez-montalban-una-literatura-imprescindible-en-la-recuperacio-de-la-memoria-democratica-14-desembre\/","title":{"rendered":"Confer\u00e8ncia \u201cTornar a Manuel V\u00e1zquez Montalb\u00e1n: una literatura imprescindible en la recuperaci\u00f3 de la mem\u00f2ria democr\u00e0tica\u201d. 14 de desembre"},"content":{"rendered":"<p><a href=\"https:\/\/memoria.gencat.cat\/ca\/actualitat\/activitats\/detalls\/activitatagenda\/Tornar-a-Manuel-Vazquez-Montalban-una-literatura-imprescindible-en-la-recuperacio-de-la-memoria-democratica\"><img loading=\"lazy\" decoding=\"async\" class=\"size-full wp-image-11364 aligncenter\" src=\"https:\/\/projectes.xtec.cat\/memoriaieducacio\/wp-content\/uploads\/usu2168\/2023\/12\/vazquezmontalban_1000x598.jpg\" alt=\"\" width=\"1000\" height=\"598\" srcset=\"https:\/\/projectes.xtec.cat\/memoriaieducacio\/wp-content\/uploads\/usu2168\/2023\/12\/vazquezmontalban_1000x598.jpg 1000w, https:\/\/projectes.xtec.cat\/memoriaieducacio\/wp-content\/uploads\/usu2168\/2023\/12\/vazquezmontalban_1000x598-300x179.jpg 300w, https:\/\/projectes.xtec.cat\/memoriaieducacio\/wp-content\/uploads\/usu2168\/2023\/12\/vazquezmontalban_1000x598-768x459.jpg 768w\" sizes=\"auto, (max-width: 1000px) 100vw, 1000px\" \/><\/a><\/p>\n","protected":false},"excerpt":{"rendered":"<p><a href=\"https:\/\/memoria.gencat.cat\/ca\/actualitat\/activitats\/detalls\/activitatagenda\/Tornar-a-Manuel-Vazquez-Montalban-una-literatura-imprescindible-en-la-recuperacio-de-la-memoria-democratica\"><\/a><\/p>\n","protected":false},"author":1,"featured_media":11365,"comment_status":"closed","ping_status":"closed","sticky":false,"template":"","format":"standard","meta":{"_bbp_topic_count":0,"_bbp_reply_count":0,"_bbp_total_topic_count":0,"_bbp_total_reply_count":0,"_bbp_voice_count":0,"_bbp_anonymous_reply_count":0,"_bbp_topic_count_hidden":0,"_bbp_reply_count_hidden":0,"_bbp_forum_subforum_count":0,"footnotes":""},"categories":[285],"tags":[],"class_list":["post-11363","post","type-post","status-publish","format-standard","has-post-thumbnail","hentry","category-noticies"],"post_mailing_queue_ids":[],"_links":{"self":[{"href":"https:\/\/projectes.xtec.cat\/memoriaieducacio\/wp-json\/wp\/v2\/posts\/11363","targetHints":{"allow":["GET"]}}],"collection":[{"href":"https:\/\/projectes.xtec.cat\/memoriaieducacio\/wp-json\/wp\/v2\/posts"}],"about":[{"href":"https:\/\/projectes.xtec.cat\/memoriaieducacio\/wp-json\/wp\/v2\/types\/post"}],"author":[{"embeddable":true,"href":"https:\/\/projectes.xtec.cat\/memoriaieducacio\/wp-json\/wp\/v2\/users\/1"}],"replies":[{"embeddable":true,"href":"https:\/\/projectes.xtec.cat\/memoriaieducacio\/wp-json\/wp\/v2\/comments?post=11363"}],"version-history":[{"count":2,"href":"https:\/\/projectes.xtec.cat\/memoriaieducacio\/wp-json\/wp\/v2\/posts\/11363\/revisions"}],"predecessor-version":[{"id":11372,"href":"https:\/\/projectes.xtec.cat\/memoriaieducacio\/wp-json\/wp\/v2\/posts\/11363\/revisions\/11372"}],"wp:featuredmedia":[{"embeddable":true,"href":"https:\/\/projectes.xtec.cat\/memoriaieducacio\/wp-json\/wp\/v2\/media\/11365"}],"wp:attachment":[{"href":"https:\/\/projectes.xtec.cat\/memoriaieducacio\/wp-json\/wp\/v2\/media?parent=11363"}],"wp:term":[{"taxonomy":"category","embeddable":true,"href":"https:\/\/projectes.xtec.cat\/memoriaieducacio\/wp-json\/wp\/v2\/categories?post=11363"},{"taxonomy":"post_tag","embeddable":true,"href":"https:\/\/projectes.xtec.cat\/memoriaieducacio\/wp-json\/wp\/v2\/tags?post=11363"}],"curies":[{"name":"wp","href":"https:\/\/api.w.org\/{rel}","templated":true}]}}