{"id":11386,"date":"2024-02-01T09:29:52","date_gmt":"2024-02-01T08:29:52","guid":{"rendered":"https:\/\/projectes.xtec.cat\/memoriaieducacio\/?p=11386"},"modified":"2024-02-01T17:11:46","modified_gmt":"2024-02-01T16:11:46","slug":"10-anys-del-grup-demd-alt-emporda-la-memoria-democrarica-a-les-aules-15-de-febrer","status":"publish","type":"post","link":"https:\/\/projectes.xtec.cat\/memoriaieducacio\/noticies\/10-anys-del-grup-demd-alt-emporda-la-memoria-democrarica-a-les-aules-15-de-febrer\/","title":{"rendered":"10 anys del grup DEMD Alt Empord\u00e0. La mem\u00f2ria democr\u00e0tica a les aules. 15 de febrer"},"content":{"rendered":"<p><a href=\"https:\/\/memoria.gencat.cat\/ca\/actualitat\/activitats\/detalls\/activitatagenda\/10-anys-del-grup-de-treball-Exili-Deportacio-i-Holocaust.-La-memoria-democratica-a-les-aules\"><img loading=\"lazy\" decoding=\"async\" class=\"size-full wp-image-11387 aligncenter\" src=\"https:\/\/projectes.xtec.cat\/memoriaieducacio\/wp-content\/uploads\/usu2168\/2024\/01\/10anysgrpaltemporda_1000x611.jpg\" alt=\"\" width=\"1000\" height=\"611\" srcset=\"https:\/\/projectes.xtec.cat\/memoriaieducacio\/wp-content\/uploads\/usu2168\/2024\/01\/10anysgrpaltemporda_1000x611.jpg 1000w, https:\/\/projectes.xtec.cat\/memoriaieducacio\/wp-content\/uploads\/usu2168\/2024\/01\/10anysgrpaltemporda_1000x611-300x183.jpg 300w, https:\/\/projectes.xtec.cat\/memoriaieducacio\/wp-content\/uploads\/usu2168\/2024\/01\/10anysgrpaltemporda_1000x611-768x469.jpg 768w\" sizes=\"auto, (max-width: 1000px) 100vw, 1000px\" \/><\/a><\/p>\n","protected":false},"excerpt":{"rendered":"<p><a href=\"https:\/\/memoria.gencat.cat\/ca\/actualitat\/activitats\/detalls\/activitatagenda\/10-anys-del-grup-de-treball-Exili-Deportacio-i-Holocaust.-La-memoria-democratica-a-les-aules\"><\/a><\/p>\n","protected":false},"author":1,"featured_media":11388,"comment_status":"closed","ping_status":"closed","sticky":false,"template":"","format":"standard","meta":{"_bbp_topic_count":0,"_bbp_reply_count":0,"_bbp_total_topic_count":0,"_bbp_total_reply_count":0,"_bbp_voice_count":0,"_bbp_anonymous_reply_count":0,"_bbp_topic_count_hidden":0,"_bbp_reply_count_hidden":0,"_bbp_forum_subforum_count":0,"footnotes":""},"categories":[285],"tags":[],"class_list":["post-11386","post","type-post","status-publish","format-standard","has-post-thumbnail","hentry","category-noticies"],"post_mailing_queue_ids":[],"_links":{"self":[{"href":"https:\/\/projectes.xtec.cat\/memoriaieducacio\/wp-json\/wp\/v2\/posts\/11386","targetHints":{"allow":["GET"]}}],"collection":[{"href":"https:\/\/projectes.xtec.cat\/memoriaieducacio\/wp-json\/wp\/v2\/posts"}],"about":[{"href":"https:\/\/projectes.xtec.cat\/memoriaieducacio\/wp-json\/wp\/v2\/types\/post"}],"author":[{"embeddable":true,"href":"https:\/\/projectes.xtec.cat\/memoriaieducacio\/wp-json\/wp\/v2\/users\/1"}],"replies":[{"embeddable":true,"href":"https:\/\/projectes.xtec.cat\/memoriaieducacio\/wp-json\/wp\/v2\/comments?post=11386"}],"version-history":[{"count":2,"href":"https:\/\/projectes.xtec.cat\/memoriaieducacio\/wp-json\/wp\/v2\/posts\/11386\/revisions"}],"predecessor-version":[{"id":11399,"href":"https:\/\/projectes.xtec.cat\/memoriaieducacio\/wp-json\/wp\/v2\/posts\/11386\/revisions\/11399"}],"wp:featuredmedia":[{"embeddable":true,"href":"https:\/\/projectes.xtec.cat\/memoriaieducacio\/wp-json\/wp\/v2\/media\/11388"}],"wp:attachment":[{"href":"https:\/\/projectes.xtec.cat\/memoriaieducacio\/wp-json\/wp\/v2\/media?parent=11386"}],"wp:term":[{"taxonomy":"category","embeddable":true,"href":"https:\/\/projectes.xtec.cat\/memoriaieducacio\/wp-json\/wp\/v2\/categories?post=11386"},{"taxonomy":"post_tag","embeddable":true,"href":"https:\/\/projectes.xtec.cat\/memoriaieducacio\/wp-json\/wp\/v2\/tags?post=11386"}],"curies":[{"name":"wp","href":"https:\/\/api.w.org\/{rel}","templated":true}]}}