{"id":11400,"date":"2024-02-01T08:42:53","date_gmt":"2024-02-01T07:42:53","guid":{"rendered":"https:\/\/projectes.xtec.cat\/memoriaieducacio\/?p=11400"},"modified":"2024-02-02T09:43:41","modified_gmt":"2024-02-02T08:43:41","slug":"lexili-mes-enlla-dargelers-els-camps-del-sud-de-franca-tan-a-prop-i-tan-desconeguts-7-de-febrer","status":"publish","type":"post","link":"https:\/\/projectes.xtec.cat\/memoriaieducacio\/general\/lexili-mes-enlla-dargelers-els-camps-del-sud-de-franca-tan-a-prop-i-tan-desconeguts-7-de-febrer\/","title":{"rendered":"L&#8217;exili m\u00e9s enll\u00e0 d&#8217;Argelers: Els camps del sud de Fran\u00e7a, tan a prop i tan desconeguts. 7 de febrer"},"content":{"rendered":"<p><a href=\"https:\/\/memoria.gencat.cat\/ca\/actualitat\/activitats\/detalls\/activitatagenda\/Lexili-mes-enlla-dArgelers-Els-camps-del-sud-de-Franca-tan-a-prop-i-tan-desconeguts\"><img loading=\"lazy\" decoding=\"async\" class=\"size-full wp-image-11401 aligncenter\" src=\"https:\/\/projectes.xtec.cat\/memoriaieducacio\/wp-content\/uploads\/usu2168\/2024\/02\/codol_1000x664.jpg\" alt=\"\" width=\"1000\" height=\"664\" srcset=\"https:\/\/projectes.xtec.cat\/memoriaieducacio\/wp-content\/uploads\/usu2168\/2024\/02\/codol_1000x664.jpg 1000w, https:\/\/projectes.xtec.cat\/memoriaieducacio\/wp-content\/uploads\/usu2168\/2024\/02\/codol_1000x664-300x199.jpg 300w, https:\/\/projectes.xtec.cat\/memoriaieducacio\/wp-content\/uploads\/usu2168\/2024\/02\/codol_1000x664-768x510.jpg 768w\" sizes=\"auto, (max-width: 1000px) 100vw, 1000px\" \/><\/a><\/p>\n","protected":false},"excerpt":{"rendered":"<p><a href=\"https:\/\/memoria.gencat.cat\/ca\/actualitat\/activitats\/detalls\/activitatagenda\/Lexili-mes-enlla-dArgelers-Els-camps-del-sud-de-Franca-tan-a-prop-i-tan-desconeguts\"><\/a><\/p>\n","protected":false},"author":1,"featured_media":11403,"comment_status":"closed","ping_status":"closed","sticky":false,"template":"","format":"standard","meta":{"_bbp_topic_count":0,"_bbp_reply_count":0,"_bbp_total_topic_count":0,"_bbp_total_reply_count":0,"_bbp_voice_count":0,"_bbp_anonymous_reply_count":0,"_bbp_topic_count_hidden":0,"_bbp_reply_count_hidden":0,"_bbp_forum_subforum_count":0,"footnotes":""},"categories":[1,285],"tags":[],"class_list":["post-11400","post","type-post","status-publish","format-standard","has-post-thumbnail","hentry","category-general","category-noticies"],"post_mailing_queue_ids":[],"_links":{"self":[{"href":"https:\/\/projectes.xtec.cat\/memoriaieducacio\/wp-json\/wp\/v2\/posts\/11400","targetHints":{"allow":["GET"]}}],"collection":[{"href":"https:\/\/projectes.xtec.cat\/memoriaieducacio\/wp-json\/wp\/v2\/posts"}],"about":[{"href":"https:\/\/projectes.xtec.cat\/memoriaieducacio\/wp-json\/wp\/v2\/types\/post"}],"author":[{"embeddable":true,"href":"https:\/\/projectes.xtec.cat\/memoriaieducacio\/wp-json\/wp\/v2\/users\/1"}],"replies":[{"embeddable":true,"href":"https:\/\/projectes.xtec.cat\/memoriaieducacio\/wp-json\/wp\/v2\/comments?post=11400"}],"version-history":[{"count":1,"href":"https:\/\/projectes.xtec.cat\/memoriaieducacio\/wp-json\/wp\/v2\/posts\/11400\/revisions"}],"predecessor-version":[{"id":11402,"href":"https:\/\/projectes.xtec.cat\/memoriaieducacio\/wp-json\/wp\/v2\/posts\/11400\/revisions\/11402"}],"wp:featuredmedia":[{"embeddable":true,"href":"https:\/\/projectes.xtec.cat\/memoriaieducacio\/wp-json\/wp\/v2\/media\/11403"}],"wp:attachment":[{"href":"https:\/\/projectes.xtec.cat\/memoriaieducacio\/wp-json\/wp\/v2\/media?parent=11400"}],"wp:term":[{"taxonomy":"category","embeddable":true,"href":"https:\/\/projectes.xtec.cat\/memoriaieducacio\/wp-json\/wp\/v2\/categories?post=11400"},{"taxonomy":"post_tag","embeddable":true,"href":"https:\/\/projectes.xtec.cat\/memoriaieducacio\/wp-json\/wp\/v2\/tags?post=11400"}],"curies":[{"name":"wp","href":"https:\/\/api.w.org\/{rel}","templated":true}]}}