{"id":11434,"date":"2024-02-14T09:16:00","date_gmt":"2024-02-14T08:16:00","guid":{"rendered":"https:\/\/projectes.xtec.cat\/memoriaieducacio\/?p=11434"},"modified":"2024-02-14T12:30:00","modified_gmt":"2024-02-14T11:30:00","slug":"participacio-al-ii-congres-internacional-historia-amb-memoria-a-leducacio-fins-al-29-de-febrer","status":"publish","type":"post","link":"https:\/\/projectes.xtec.cat\/memoriaieducacio\/noticies\/participacio-al-ii-congres-internacional-historia-amb-memoria-a-leducacio-fins-al-29-de-febrer\/","title":{"rendered":"Participaci\u00f3 al II Congr\u00e9s Internacional Hist\u00f2ria amb Mem\u00f2ria a l&#8217;Educaci\u00f3. Fins al 29 de febrer"},"content":{"rendered":"<p><a href=\"https:\/\/congresohistoriaconmemoriaenlaeducacion.org\/presentacion\/\"><img loading=\"lazy\" decoding=\"async\" class=\"size-full wp-image-11439 aligncenter\" src=\"https:\/\/projectes.xtec.cat\/memoriaieducacio\/wp-content\/uploads\/usu2168\/2024\/02\/IICongresInternacional_1000x765.jpg\" alt=\"\" width=\"1000\" height=\"765\" srcset=\"https:\/\/projectes.xtec.cat\/memoriaieducacio\/wp-content\/uploads\/usu2168\/2024\/02\/IICongresInternacional_1000x765.jpg 1000w, https:\/\/projectes.xtec.cat\/memoriaieducacio\/wp-content\/uploads\/usu2168\/2024\/02\/IICongresInternacional_1000x765-300x230.jpg 300w, https:\/\/projectes.xtec.cat\/memoriaieducacio\/wp-content\/uploads\/usu2168\/2024\/02\/IICongresInternacional_1000x765-768x588.jpg 768w\" sizes=\"auto, (max-width: 1000px) 100vw, 1000px\" \/><\/a><\/p>\n","protected":false},"excerpt":{"rendered":"<p><a href=\"https:\/\/congresohistoriaconmemoriaenlaeducacion.org\/presentacion\/\"><\/a><\/p>\n","protected":false},"author":1,"featured_media":11441,"comment_status":"closed","ping_status":"closed","sticky":false,"template":"","format":"standard","meta":{"_bbp_topic_count":0,"_bbp_reply_count":0,"_bbp_total_topic_count":0,"_bbp_total_reply_count":0,"_bbp_voice_count":0,"_bbp_anonymous_reply_count":0,"_bbp_topic_count_hidden":0,"_bbp_reply_count_hidden":0,"_bbp_forum_subforum_count":0,"footnotes":""},"categories":[285],"tags":[],"class_list":["post-11434","post","type-post","status-publish","format-standard","has-post-thumbnail","hentry","category-noticies"],"post_mailing_queue_ids":[],"_links":{"self":[{"href":"https:\/\/projectes.xtec.cat\/memoriaieducacio\/wp-json\/wp\/v2\/posts\/11434","targetHints":{"allow":["GET"]}}],"collection":[{"href":"https:\/\/projectes.xtec.cat\/memoriaieducacio\/wp-json\/wp\/v2\/posts"}],"about":[{"href":"https:\/\/projectes.xtec.cat\/memoriaieducacio\/wp-json\/wp\/v2\/types\/post"}],"author":[{"embeddable":true,"href":"https:\/\/projectes.xtec.cat\/memoriaieducacio\/wp-json\/wp\/v2\/users\/1"}],"replies":[{"embeddable":true,"href":"https:\/\/projectes.xtec.cat\/memoriaieducacio\/wp-json\/wp\/v2\/comments?post=11434"}],"version-history":[{"count":3,"href":"https:\/\/projectes.xtec.cat\/memoriaieducacio\/wp-json\/wp\/v2\/posts\/11434\/revisions"}],"predecessor-version":[{"id":11440,"href":"https:\/\/projectes.xtec.cat\/memoriaieducacio\/wp-json\/wp\/v2\/posts\/11434\/revisions\/11440"}],"wp:featuredmedia":[{"embeddable":true,"href":"https:\/\/projectes.xtec.cat\/memoriaieducacio\/wp-json\/wp\/v2\/media\/11441"}],"wp:attachment":[{"href":"https:\/\/projectes.xtec.cat\/memoriaieducacio\/wp-json\/wp\/v2\/media?parent=11434"}],"wp:term":[{"taxonomy":"category","embeddable":true,"href":"https:\/\/projectes.xtec.cat\/memoriaieducacio\/wp-json\/wp\/v2\/categories?post=11434"},{"taxonomy":"post_tag","embeddable":true,"href":"https:\/\/projectes.xtec.cat\/memoriaieducacio\/wp-json\/wp\/v2\/tags?post=11434"}],"curies":[{"name":"wp","href":"https:\/\/api.w.org\/{rel}","templated":true}]}}