{"id":11485,"date":"2024-04-08T12:19:17","date_gmt":"2024-04-08T10:19:17","guid":{"rendered":"https:\/\/projectes.xtec.cat\/memoriaieducacio\/?p=11485"},"modified":"2024-04-08T12:22:43","modified_gmt":"2024-04-08T10:22:43","slug":"presentacio-del-llibre-yo-he-estado-en-mauthausen-per-carlos-rodriguez-del-risco-edicion-critica-18-dabril","status":"publish","type":"post","link":"https:\/\/projectes.xtec.cat\/memoriaieducacio\/noticies\/presentacio-del-llibre-yo-he-estado-en-mauthausen-per-carlos-rodriguez-del-risco-edicion-critica-18-dabril\/","title":{"rendered":"Presentaci\u00f3 del llibre \u201cYo he estado en Mauthausen&#8221;, per Carlos Rodr\u00edguez del Risco. Edici\u00f3n cr\u00edtica. 18 d&#8217;abril"},"content":{"rendered":"<p><a href=\"https:\/\/memoria.gencat.cat\/ca\/actualitat\/activitats\/detalls\/activitatagenda\/Presentacio-del-llibre-Yo-he-estado-en-Mauthausen-por-Carlos-Rodriguez-del-Risco.-Edicion-critica\"><img loading=\"lazy\" decoding=\"async\" class=\"size-full wp-image-11486 aligncenter\" src=\"https:\/\/projectes.xtec.cat\/memoriaieducacio\/wp-content\/uploads\/usu2168\/2024\/04\/Yoheestadoenmauthausen_1000x494.jpg\" alt=\"\" width=\"1000\" height=\"494\" srcset=\"https:\/\/projectes.xtec.cat\/memoriaieducacio\/wp-content\/uploads\/usu2168\/2024\/04\/Yoheestadoenmauthausen_1000x494.jpg 1000w, https:\/\/projectes.xtec.cat\/memoriaieducacio\/wp-content\/uploads\/usu2168\/2024\/04\/Yoheestadoenmauthausen_1000x494-300x148.jpg 300w, https:\/\/projectes.xtec.cat\/memoriaieducacio\/wp-content\/uploads\/usu2168\/2024\/04\/Yoheestadoenmauthausen_1000x494-768x379.jpg 768w\" sizes=\"auto, (max-width: 1000px) 100vw, 1000px\" \/><\/a><\/p>\n","protected":false},"excerpt":{"rendered":"<p><a href=\"https:\/\/memoria.gencat.cat\/ca\/actualitat\/activitats\/detalls\/activitatagenda\/Presentacio-del-llibre-Yo-he-estado-en-Mauthausen-por-Carlos-Rodriguez-del-Risco.-Edicion-critica\"><\/a><\/p>\n","protected":false},"author":1,"featured_media":11488,"comment_status":"closed","ping_status":"closed","sticky":false,"template":"","format":"standard","meta":{"_bbp_topic_count":0,"_bbp_reply_count":0,"_bbp_total_topic_count":0,"_bbp_total_reply_count":0,"_bbp_voice_count":0,"_bbp_anonymous_reply_count":0,"_bbp_topic_count_hidden":0,"_bbp_reply_count_hidden":0,"_bbp_forum_subforum_count":0,"footnotes":""},"categories":[285],"tags":[],"class_list":["post-11485","post","type-post","status-publish","format-standard","has-post-thumbnail","hentry","category-noticies"],"post_mailing_queue_ids":[],"_links":{"self":[{"href":"https:\/\/projectes.xtec.cat\/memoriaieducacio\/wp-json\/wp\/v2\/posts\/11485","targetHints":{"allow":["GET"]}}],"collection":[{"href":"https:\/\/projectes.xtec.cat\/memoriaieducacio\/wp-json\/wp\/v2\/posts"}],"about":[{"href":"https:\/\/projectes.xtec.cat\/memoriaieducacio\/wp-json\/wp\/v2\/types\/post"}],"author":[{"embeddable":true,"href":"https:\/\/projectes.xtec.cat\/memoriaieducacio\/wp-json\/wp\/v2\/users\/1"}],"replies":[{"embeddable":true,"href":"https:\/\/projectes.xtec.cat\/memoriaieducacio\/wp-json\/wp\/v2\/comments?post=11485"}],"version-history":[{"count":1,"href":"https:\/\/projectes.xtec.cat\/memoriaieducacio\/wp-json\/wp\/v2\/posts\/11485\/revisions"}],"predecessor-version":[{"id":11487,"href":"https:\/\/projectes.xtec.cat\/memoriaieducacio\/wp-json\/wp\/v2\/posts\/11485\/revisions\/11487"}],"wp:featuredmedia":[{"embeddable":true,"href":"https:\/\/projectes.xtec.cat\/memoriaieducacio\/wp-json\/wp\/v2\/media\/11488"}],"wp:attachment":[{"href":"https:\/\/projectes.xtec.cat\/memoriaieducacio\/wp-json\/wp\/v2\/media?parent=11485"}],"wp:term":[{"taxonomy":"category","embeddable":true,"href":"https:\/\/projectes.xtec.cat\/memoriaieducacio\/wp-json\/wp\/v2\/categories?post=11485"},{"taxonomy":"post_tag","embeddable":true,"href":"https:\/\/projectes.xtec.cat\/memoriaieducacio\/wp-json\/wp\/v2\/tags?post=11485"}],"curies":[{"name":"wp","href":"https:\/\/api.w.org\/{rel}","templated":true}]}}