{"id":11571,"date":"2024-04-30T09:30:50","date_gmt":"2024-04-30T07:30:50","guid":{"rendered":"https:\/\/projectes.xtec.cat\/memoriaieducacio\/?p=11571"},"modified":"2024-04-30T09:54:23","modified_gmt":"2024-04-30T07:54:23","slug":"i-jornades-internacionals-memoria-historia-publica-turisme-reptes-i-oportunitats-del-16-al-18-de-maig","status":"publish","type":"post","link":"https:\/\/projectes.xtec.cat\/memoriaieducacio\/noticies\/i-jornades-internacionals-memoria-historia-publica-turisme-reptes-i-oportunitats-del-16-al-18-de-maig\/","title":{"rendered":"I Jornades Internacionals &#8220;Mem\u00f2ria, hist\u00f2ria p\u00fablica, turisme. Reptes i oportunitats&#8221;. Del 16 al 18 de maig"},"content":{"rendered":"<p><a href=\"https:\/\/memoria.gencat.cat\/web\/.content\/00_agenda\/MD\/2024\/docs\/Programa-Memoria-historia-publica-turisme.pdf\"><img loading=\"lazy\" decoding=\"async\" class=\"size-full wp-image-11572 aligncenter\" src=\"https:\/\/projectes.xtec.cat\/memoriaieducacio\/wp-content\/uploads\/usu2168\/2024\/04\/IJornadesInternacionals_1000x786.jpg\" alt=\"\" width=\"1000\" height=\"786\" srcset=\"https:\/\/projectes.xtec.cat\/memoriaieducacio\/wp-content\/uploads\/usu2168\/2024\/04\/IJornadesInternacionals_1000x786.jpg 1000w, https:\/\/projectes.xtec.cat\/memoriaieducacio\/wp-content\/uploads\/usu2168\/2024\/04\/IJornadesInternacionals_1000x786-300x236.jpg 300w, https:\/\/projectes.xtec.cat\/memoriaieducacio\/wp-content\/uploads\/usu2168\/2024\/04\/IJornadesInternacionals_1000x786-768x604.jpg 768w\" sizes=\"auto, (max-width: 1000px) 100vw, 1000px\" \/><\/a><\/p>\n","protected":false},"excerpt":{"rendered":"<p><a href=\"https:\/\/memoria.gencat.cat\/web\/.content\/00_agenda\/MD\/2024\/docs\/Programa-Memoria-historia-publica-turisme.pdf\"><\/a><\/p>\n","protected":false},"author":1,"featured_media":11573,"comment_status":"closed","ping_status":"closed","sticky":false,"template":"","format":"standard","meta":{"_bbp_topic_count":0,"_bbp_reply_count":0,"_bbp_total_topic_count":0,"_bbp_total_reply_count":0,"_bbp_voice_count":0,"_bbp_anonymous_reply_count":0,"_bbp_topic_count_hidden":0,"_bbp_reply_count_hidden":0,"_bbp_forum_subforum_count":0,"footnotes":""},"categories":[285],"tags":[],"class_list":["post-11571","post","type-post","status-publish","format-standard","has-post-thumbnail","hentry","category-noticies"],"post_mailing_queue_ids":[],"_links":{"self":[{"href":"https:\/\/projectes.xtec.cat\/memoriaieducacio\/wp-json\/wp\/v2\/posts\/11571","targetHints":{"allow":["GET"]}}],"collection":[{"href":"https:\/\/projectes.xtec.cat\/memoriaieducacio\/wp-json\/wp\/v2\/posts"}],"about":[{"href":"https:\/\/projectes.xtec.cat\/memoriaieducacio\/wp-json\/wp\/v2\/types\/post"}],"author":[{"embeddable":true,"href":"https:\/\/projectes.xtec.cat\/memoriaieducacio\/wp-json\/wp\/v2\/users\/1"}],"replies":[{"embeddable":true,"href":"https:\/\/projectes.xtec.cat\/memoriaieducacio\/wp-json\/wp\/v2\/comments?post=11571"}],"version-history":[{"count":1,"href":"https:\/\/projectes.xtec.cat\/memoriaieducacio\/wp-json\/wp\/v2\/posts\/11571\/revisions"}],"predecessor-version":[{"id":11574,"href":"https:\/\/projectes.xtec.cat\/memoriaieducacio\/wp-json\/wp\/v2\/posts\/11571\/revisions\/11574"}],"wp:featuredmedia":[{"embeddable":true,"href":"https:\/\/projectes.xtec.cat\/memoriaieducacio\/wp-json\/wp\/v2\/media\/11573"}],"wp:attachment":[{"href":"https:\/\/projectes.xtec.cat\/memoriaieducacio\/wp-json\/wp\/v2\/media?parent=11571"}],"wp:term":[{"taxonomy":"category","embeddable":true,"href":"https:\/\/projectes.xtec.cat\/memoriaieducacio\/wp-json\/wp\/v2\/categories?post=11571"},{"taxonomy":"post_tag","embeddable":true,"href":"https:\/\/projectes.xtec.cat\/memoriaieducacio\/wp-json\/wp\/v2\/tags?post=11571"}],"curies":[{"name":"wp","href":"https:\/\/api.w.org\/{rel}","templated":true}]}}