{"id":11748,"date":"2024-09-02T11:15:36","date_gmt":"2024-09-02T09:15:36","guid":{"rendered":"https:\/\/projectes.xtec.cat\/memoriaieducacio\/?p=11748"},"modified":"2024-09-02T13:18:46","modified_gmt":"2024-09-02T11:18:46","slug":"mon-digital-imatges-i-historia-memories-en-tensio-10e-colloqui-internacional-walter-benjamin-20-21-i-22-de-setembre","status":"publish","type":"post","link":"https:\/\/projectes.xtec.cat\/memoriaieducacio\/noticies\/mon-digital-imatges-i-historia-memories-en-tensio-10e-colloqui-internacional-walter-benjamin-20-21-i-22-de-setembre\/","title":{"rendered":"&#8220;M\u00f3n digital, imatges i hist\u00f2ria: mem\u00f2ries en tensi\u00f3&#8221;, 10\u00e8 Col\u00b7loqui Internacional Walter Benjamin. 20, 21 i 22 de setembre"},"content":{"rendered":"<p><a href=\"https:\/\/memoria.gencat.cat\/ca\/detalls\/activitatagenda\/Mon-digital-imatges-i-historia-memories-en-tensio-10e-Colloqui-Internacional-Walter-Benjamin\"><img loading=\"lazy\" decoding=\"async\" class=\"size-full wp-image-11749 aligncenter\" src=\"https:\/\/projectes.xtec.cat\/memoriaieducacio\/wp-content\/uploads\/usu2168\/2024\/09\/10ecolWalterBenjamin_1000x747.jpg\" alt=\"\" width=\"1000\" height=\"747\" srcset=\"https:\/\/projectes.xtec.cat\/memoriaieducacio\/wp-content\/uploads\/usu2168\/2024\/09\/10ecolWalterBenjamin_1000x747.jpg 1000w, https:\/\/projectes.xtec.cat\/memoriaieducacio\/wp-content\/uploads\/usu2168\/2024\/09\/10ecolWalterBenjamin_1000x747-300x224.jpg 300w, https:\/\/projectes.xtec.cat\/memoriaieducacio\/wp-content\/uploads\/usu2168\/2024\/09\/10ecolWalterBenjamin_1000x747-768x574.jpg 768w, https:\/\/projectes.xtec.cat\/memoriaieducacio\/wp-content\/uploads\/usu2168\/2024\/09\/10ecolWalterBenjamin_1000x747-200x150.jpg 200w\" sizes=\"auto, (max-width: 1000px) 100vw, 1000px\" \/><\/a><\/p>\n","protected":false},"excerpt":{"rendered":"<p><a href=\"https:\/\/memoria.gencat.cat\/ca\/detalls\/activitatagenda\/Mon-digital-imatges-i-historia-memories-en-tensio-10e-Colloqui-Internacional-Walter-Benjamin\"><\/a><\/p>\n","protected":false},"author":1,"featured_media":11750,"comment_status":"closed","ping_status":"closed","sticky":false,"template":"","format":"standard","meta":{"_bbp_topic_count":0,"_bbp_reply_count":0,"_bbp_total_topic_count":0,"_bbp_total_reply_count":0,"_bbp_voice_count":0,"_bbp_anonymous_reply_count":0,"_bbp_topic_count_hidden":0,"_bbp_reply_count_hidden":0,"_bbp_forum_subforum_count":0,"footnotes":""},"categories":[285],"tags":[],"class_list":["post-11748","post","type-post","status-publish","format-standard","has-post-thumbnail","hentry","category-noticies"],"post_mailing_queue_ids":[],"_links":{"self":[{"href":"https:\/\/projectes.xtec.cat\/memoriaieducacio\/wp-json\/wp\/v2\/posts\/11748","targetHints":{"allow":["GET"]}}],"collection":[{"href":"https:\/\/projectes.xtec.cat\/memoriaieducacio\/wp-json\/wp\/v2\/posts"}],"about":[{"href":"https:\/\/projectes.xtec.cat\/memoriaieducacio\/wp-json\/wp\/v2\/types\/post"}],"author":[{"embeddable":true,"href":"https:\/\/projectes.xtec.cat\/memoriaieducacio\/wp-json\/wp\/v2\/users\/1"}],"replies":[{"embeddable":true,"href":"https:\/\/projectes.xtec.cat\/memoriaieducacio\/wp-json\/wp\/v2\/comments?post=11748"}],"version-history":[{"count":1,"href":"https:\/\/projectes.xtec.cat\/memoriaieducacio\/wp-json\/wp\/v2\/posts\/11748\/revisions"}],"predecessor-version":[{"id":11751,"href":"https:\/\/projectes.xtec.cat\/memoriaieducacio\/wp-json\/wp\/v2\/posts\/11748\/revisions\/11751"}],"wp:featuredmedia":[{"embeddable":true,"href":"https:\/\/projectes.xtec.cat\/memoriaieducacio\/wp-json\/wp\/v2\/media\/11750"}],"wp:attachment":[{"href":"https:\/\/projectes.xtec.cat\/memoriaieducacio\/wp-json\/wp\/v2\/media?parent=11748"}],"wp:term":[{"taxonomy":"category","embeddable":true,"href":"https:\/\/projectes.xtec.cat\/memoriaieducacio\/wp-json\/wp\/v2\/categories?post=11748"},{"taxonomy":"post_tag","embeddable":true,"href":"https:\/\/projectes.xtec.cat\/memoriaieducacio\/wp-json\/wp\/v2\/tags?post=11748"}],"curies":[{"name":"wp","href":"https:\/\/api.w.org\/{rel}","templated":true}]}}