{"id":11807,"date":"2024-09-18T17:01:15","date_gmt":"2024-09-18T15:01:15","guid":{"rendered":"https:\/\/projectes.xtec.cat\/memoriaieducacio\/?p=11807"},"modified":"2024-09-18T17:01:15","modified_gmt":"2024-09-18T15:01:15","slug":"convocatoria-x-premi-de-recerca-en-memoria-democratica-del-17-de-setembre-al-16-doctubre","status":"publish","type":"post","link":"https:\/\/projectes.xtec.cat\/memoriaieducacio\/noticies\/convocatoria-x-premi-de-recerca-en-memoria-democratica-del-17-de-setembre-al-16-doctubre\/","title":{"rendered":"Convocat\u00f2ria X Premi de Recerca en Mem\u00f2ria Democr\u00e0tica. Del 17 de setembre al 16 d&#8217;octubre"},"content":{"rendered":"<p><a href=\"https:\/\/memoria.gencat.cat\/ca\/detalls\/noticia\/X-Premi-de-Recerca-en-Memoria-Democratica\"><img loading=\"lazy\" decoding=\"async\" class=\"size-full wp-image-11808 aligncenter\" src=\"https:\/\/projectes.xtec.cat\/memoriaieducacio\/wp-content\/uploads\/usu2168\/2024\/09\/Xpremirecercamemoriademocratica_1000x606.jpg\" alt=\"\" width=\"1000\" height=\"606\" srcset=\"https:\/\/projectes.xtec.cat\/memoriaieducacio\/wp-content\/uploads\/usu2168\/2024\/09\/Xpremirecercamemoriademocratica_1000x606.jpg 1000w, https:\/\/projectes.xtec.cat\/memoriaieducacio\/wp-content\/uploads\/usu2168\/2024\/09\/Xpremirecercamemoriademocratica_1000x606-300x182.jpg 300w, https:\/\/projectes.xtec.cat\/memoriaieducacio\/wp-content\/uploads\/usu2168\/2024\/09\/Xpremirecercamemoriademocratica_1000x606-768x465.jpg 768w\" sizes=\"auto, (max-width: 1000px) 100vw, 1000px\" \/><\/a><\/p>\n","protected":false},"excerpt":{"rendered":"<p><a href=\"https:\/\/memoria.gencat.cat\/ca\/detalls\/noticia\/X-Premi-de-Recerca-en-Memoria-Democratica\"><\/a><\/p>\n","protected":false},"author":1,"featured_media":11809,"comment_status":"closed","ping_status":"closed","sticky":false,"template":"","format":"standard","meta":{"_bbp_topic_count":0,"_bbp_reply_count":0,"_bbp_total_topic_count":0,"_bbp_total_reply_count":0,"_bbp_voice_count":0,"_bbp_anonymous_reply_count":0,"_bbp_topic_count_hidden":0,"_bbp_reply_count_hidden":0,"_bbp_forum_subforum_count":0,"footnotes":""},"categories":[285],"tags":[],"class_list":["post-11807","post","type-post","status-publish","format-standard","has-post-thumbnail","hentry","category-noticies"],"post_mailing_queue_ids":[],"_links":{"self":[{"href":"https:\/\/projectes.xtec.cat\/memoriaieducacio\/wp-json\/wp\/v2\/posts\/11807","targetHints":{"allow":["GET"]}}],"collection":[{"href":"https:\/\/projectes.xtec.cat\/memoriaieducacio\/wp-json\/wp\/v2\/posts"}],"about":[{"href":"https:\/\/projectes.xtec.cat\/memoriaieducacio\/wp-json\/wp\/v2\/types\/post"}],"author":[{"embeddable":true,"href":"https:\/\/projectes.xtec.cat\/memoriaieducacio\/wp-json\/wp\/v2\/users\/1"}],"replies":[{"embeddable":true,"href":"https:\/\/projectes.xtec.cat\/memoriaieducacio\/wp-json\/wp\/v2\/comments?post=11807"}],"version-history":[{"count":1,"href":"https:\/\/projectes.xtec.cat\/memoriaieducacio\/wp-json\/wp\/v2\/posts\/11807\/revisions"}],"predecessor-version":[{"id":11810,"href":"https:\/\/projectes.xtec.cat\/memoriaieducacio\/wp-json\/wp\/v2\/posts\/11807\/revisions\/11810"}],"wp:featuredmedia":[{"embeddable":true,"href":"https:\/\/projectes.xtec.cat\/memoriaieducacio\/wp-json\/wp\/v2\/media\/11809"}],"wp:attachment":[{"href":"https:\/\/projectes.xtec.cat\/memoriaieducacio\/wp-json\/wp\/v2\/media?parent=11807"}],"wp:term":[{"taxonomy":"category","embeddable":true,"href":"https:\/\/projectes.xtec.cat\/memoriaieducacio\/wp-json\/wp\/v2\/categories?post=11807"},{"taxonomy":"post_tag","embeddable":true,"href":"https:\/\/projectes.xtec.cat\/memoriaieducacio\/wp-json\/wp\/v2\/tags?post=11807"}],"curies":[{"name":"wp","href":"https:\/\/api.w.org\/{rel}","templated":true}]}}