{"id":11839,"date":"2024-11-04T10:28:24","date_gmt":"2024-11-04T09:28:24","guid":{"rendered":"https:\/\/projectes.xtec.cat\/memoriaieducacio\/?p=11839"},"modified":"2024-11-06T11:10:17","modified_gmt":"2024-11-06T10:10:17","slug":"exposicio-pagesos-contra-franco-1974-1979-la-unio-de-pagesos-i-la-construccio-de-la-democracia-del-3-de-novembre-de-2024-al-25-de-febrer-de-2025","status":"publish","type":"post","link":"https:\/\/projectes.xtec.cat\/memoriaieducacio\/noticies\/exposicio-pagesos-contra-franco-1974-1979-la-unio-de-pagesos-i-la-construccio-de-la-democracia-del-3-de-novembre-de-2024-al-25-de-febrer-de-2025\/","title":{"rendered":"Exposici\u00f3 &#8220;Pagesos contra Franco, 1974-1979. La Uni\u00f3 de Pagesos i la construcci\u00f3 de la democr\u00e0cia&#8221;. Del 3 de novembre de 2024 al 23 de febrer de 2025"},"content":{"rendered":"<p>&nbsp;<\/p>\n<p><a href=\"https:\/\/memoria.gencat.cat\/ca\/detalls\/activitatagenda\/Pagesos-contra-Franco-1974-1979.-La-Unio-de-Pagesos-i-la-construccio-de-la-democracia-a-lEspluga-de-Francoli\"><img loading=\"lazy\" decoding=\"async\" class=\"size-full wp-image-11846 aligncenter\" src=\"https:\/\/projectes.xtec.cat\/memoriaieducacio\/wp-content\/uploads\/usu2168\/2024\/11\/PagesoscontraFranco_000X700.jpg\" alt=\"\" width=\"1000\" height=\"700\" srcset=\"https:\/\/projectes.xtec.cat\/memoriaieducacio\/wp-content\/uploads\/usu2168\/2024\/11\/PagesoscontraFranco_000X700.jpg 1000w, https:\/\/projectes.xtec.cat\/memoriaieducacio\/wp-content\/uploads\/usu2168\/2024\/11\/PagesoscontraFranco_000X700-300x210.jpg 300w, https:\/\/projectes.xtec.cat\/memoriaieducacio\/wp-content\/uploads\/usu2168\/2024\/11\/PagesoscontraFranco_000X700-768x538.jpg 768w\" sizes=\"auto, (max-width: 1000px) 100vw, 1000px\" \/><\/a><\/p>\n","protected":false},"excerpt":{"rendered":"<p>&nbsp;<br \/>\n<a href=\"https:\/\/memoria.gencat.cat\/ca\/detalls\/activitatagenda\/Pagesos-contra-Franco-1974-1979.-La-Unio-de-Pagesos-i-la-construccio-de-la-democracia-a-lEspluga-de-Francoli\"><\/a><\/p>\n","protected":false},"author":1,"featured_media":11842,"comment_status":"closed","ping_status":"closed","sticky":false,"template":"","format":"standard","meta":{"_bbp_topic_count":0,"_bbp_reply_count":0,"_bbp_total_topic_count":0,"_bbp_total_reply_count":0,"_bbp_voice_count":0,"_bbp_anonymous_reply_count":0,"_bbp_topic_count_hidden":0,"_bbp_reply_count_hidden":0,"_bbp_forum_subforum_count":0,"footnotes":""},"categories":[285],"tags":[],"class_list":["post-11839","post","type-post","status-publish","format-standard","has-post-thumbnail","hentry","category-noticies"],"post_mailing_queue_ids":[],"_links":{"self":[{"href":"https:\/\/projectes.xtec.cat\/memoriaieducacio\/wp-json\/wp\/v2\/posts\/11839","targetHints":{"allow":["GET"]}}],"collection":[{"href":"https:\/\/projectes.xtec.cat\/memoriaieducacio\/wp-json\/wp\/v2\/posts"}],"about":[{"href":"https:\/\/projectes.xtec.cat\/memoriaieducacio\/wp-json\/wp\/v2\/types\/post"}],"author":[{"embeddable":true,"href":"https:\/\/projectes.xtec.cat\/memoriaieducacio\/wp-json\/wp\/v2\/users\/1"}],"replies":[{"embeddable":true,"href":"https:\/\/projectes.xtec.cat\/memoriaieducacio\/wp-json\/wp\/v2\/comments?post=11839"}],"version-history":[{"count":4,"href":"https:\/\/projectes.xtec.cat\/memoriaieducacio\/wp-json\/wp\/v2\/posts\/11839\/revisions"}],"predecessor-version":[{"id":11847,"href":"https:\/\/projectes.xtec.cat\/memoriaieducacio\/wp-json\/wp\/v2\/posts\/11839\/revisions\/11847"}],"wp:featuredmedia":[{"embeddable":true,"href":"https:\/\/projectes.xtec.cat\/memoriaieducacio\/wp-json\/wp\/v2\/media\/11842"}],"wp:attachment":[{"href":"https:\/\/projectes.xtec.cat\/memoriaieducacio\/wp-json\/wp\/v2\/media?parent=11839"}],"wp:term":[{"taxonomy":"category","embeddable":true,"href":"https:\/\/projectes.xtec.cat\/memoriaieducacio\/wp-json\/wp\/v2\/categories?post=11839"},{"taxonomy":"post_tag","embeddable":true,"href":"https:\/\/projectes.xtec.cat\/memoriaieducacio\/wp-json\/wp\/v2\/tags?post=11839"}],"curies":[{"name":"wp","href":"https:\/\/api.w.org\/{rel}","templated":true}]}}