{"id":13012,"date":"2025-02-03T10:25:01","date_gmt":"2025-02-03T09:25:01","guid":{"rendered":"https:\/\/projectes.xtec.cat\/memoriaieducacio\/?p=13012"},"modified":"2025-02-03T10:25:05","modified_gmt":"2025-02-03T09:25:05","slug":"v-jornades-de-didactica-de-les-ciencies-socials-nou-escenari-geopolitic-crisi-de-les-institucions-liberals-i-valors-democratics-occidentals-20-i-21-de-febrer","status":"publish","type":"post","link":"https:\/\/projectes.xtec.cat\/memoriaieducacio\/noticies\/v-jornades-de-didactica-de-les-ciencies-socials-nou-escenari-geopolitic-crisi-de-les-institucions-liberals-i-valors-democratics-occidentals-20-i-21-de-febrer\/","title":{"rendered":"V Jornades de Did\u00e0ctica de les Ci\u00e8ncies Socials: Nou escenari geopol\u00edtic, crisi de les institucions liberals i valors democr\u00e0tics occidentals. 20 i 21 de febrer"},"content":{"rendered":"<p><a href=\"https:\/\/www.cdl.cat\/curso\/252301\"><img loading=\"lazy\" decoding=\"async\" class=\"size-full wp-image-13013 aligncenter\" src=\"https:\/\/projectes.xtec.cat\/memoriaieducacio\/wp-content\/uploads\/usu2168\/2025\/02\/VJornadesCdL_1000x625.jpg\" alt=\"\" width=\"1000\" height=\"625\" srcset=\"https:\/\/projectes.xtec.cat\/memoriaieducacio\/wp-content\/uploads\/usu2168\/2025\/02\/VJornadesCdL_1000x625.jpg 1000w, https:\/\/projectes.xtec.cat\/memoriaieducacio\/wp-content\/uploads\/usu2168\/2025\/02\/VJornadesCdL_1000x625-300x188.jpg 300w, https:\/\/projectes.xtec.cat\/memoriaieducacio\/wp-content\/uploads\/usu2168\/2025\/02\/VJornadesCdL_1000x625-768x480.jpg 768w\" sizes=\"auto, (max-width: 1000px) 100vw, 1000px\" \/><\/a><\/p>\n","protected":false},"excerpt":{"rendered":"<p><a href=\"https:\/\/www.cdl.cat\/curso\/252301\"><\/a><\/p>\n","protected":false},"author":1,"featured_media":13014,"comment_status":"closed","ping_status":"closed","sticky":false,"template":"","format":"standard","meta":{"_bbp_topic_count":0,"_bbp_reply_count":0,"_bbp_total_topic_count":0,"_bbp_total_reply_count":0,"_bbp_voice_count":0,"_bbp_anonymous_reply_count":0,"_bbp_topic_count_hidden":0,"_bbp_reply_count_hidden":0,"_bbp_forum_subforum_count":0,"footnotes":""},"categories":[285],"tags":[],"class_list":["post-13012","post","type-post","status-publish","format-standard","has-post-thumbnail","hentry","category-noticies"],"post_mailing_queue_ids":[],"_links":{"self":[{"href":"https:\/\/projectes.xtec.cat\/memoriaieducacio\/wp-json\/wp\/v2\/posts\/13012","targetHints":{"allow":["GET"]}}],"collection":[{"href":"https:\/\/projectes.xtec.cat\/memoriaieducacio\/wp-json\/wp\/v2\/posts"}],"about":[{"href":"https:\/\/projectes.xtec.cat\/memoriaieducacio\/wp-json\/wp\/v2\/types\/post"}],"author":[{"embeddable":true,"href":"https:\/\/projectes.xtec.cat\/memoriaieducacio\/wp-json\/wp\/v2\/users\/1"}],"replies":[{"embeddable":true,"href":"https:\/\/projectes.xtec.cat\/memoriaieducacio\/wp-json\/wp\/v2\/comments?post=13012"}],"version-history":[{"count":1,"href":"https:\/\/projectes.xtec.cat\/memoriaieducacio\/wp-json\/wp\/v2\/posts\/13012\/revisions"}],"predecessor-version":[{"id":13015,"href":"https:\/\/projectes.xtec.cat\/memoriaieducacio\/wp-json\/wp\/v2\/posts\/13012\/revisions\/13015"}],"wp:featuredmedia":[{"embeddable":true,"href":"https:\/\/projectes.xtec.cat\/memoriaieducacio\/wp-json\/wp\/v2\/media\/13014"}],"wp:attachment":[{"href":"https:\/\/projectes.xtec.cat\/memoriaieducacio\/wp-json\/wp\/v2\/media?parent=13012"}],"wp:term":[{"taxonomy":"category","embeddable":true,"href":"https:\/\/projectes.xtec.cat\/memoriaieducacio\/wp-json\/wp\/v2\/categories?post=13012"},{"taxonomy":"post_tag","embeddable":true,"href":"https:\/\/projectes.xtec.cat\/memoriaieducacio\/wp-json\/wp\/v2\/tags?post=13012"}],"curies":[{"name":"wp","href":"https:\/\/api.w.org\/{rel}","templated":true}]}}