{"id":13595,"date":"2025-10-06T08:08:33","date_gmt":"2025-10-06T06:08:33","guid":{"rendered":"https:\/\/projectes.xtec.cat\/memoriaieducacio\/?p=13595"},"modified":"2025-10-10T19:06:07","modified_gmt":"2025-10-10T17:06:07","slug":"ii-jornada-internacional-entre-la-resistencia-ordinaria-i-la-resistencia-quotidiana-construint-ciutadania-a-espanya-1939-1977-14-doctubre","status":"publish","type":"post","link":"https:\/\/projectes.xtec.cat\/memoriaieducacio\/noticies\/ii-jornada-internacional-entre-la-resistencia-ordinaria-i-la-resistencia-quotidiana-construint-ciutadania-a-espanya-1939-1977-14-doctubre\/","title":{"rendered":"II Jornada Internacional. Entre la resist\u00e8ncia ordin\u00e0ria i la resist\u00e8ncia quotidiana: Construint ciutadania a Espanya (1939-1977). 14 d&#8217;octubre"},"content":{"rendered":"<p><a href=\"https:\/\/projectes.xtec.cat\/nou-curriculum\/general\/entre-la-resistencia-ordinaria-i-la-resistencia-quotidiana-construint-ciutadania-a-espanya-1939-1977-ii-jornada-internacional\/\"><img loading=\"lazy\" decoding=\"async\" class=\"size-full wp-image-13596 aligncenter\" src=\"https:\/\/projectes.xtec.cat\/memoriaieducacio\/wp-content\/uploads\/usu2168\/2025\/09\/Entrelaresistencia_1000x614.jpg\" alt=\"\" width=\"1000\" height=\"611\" srcset=\"https:\/\/projectes.xtec.cat\/memoriaieducacio\/wp-content\/uploads\/usu2168\/2025\/09\/Entrelaresistencia_1000x614.jpg 1000w, https:\/\/projectes.xtec.cat\/memoriaieducacio\/wp-content\/uploads\/usu2168\/2025\/09\/Entrelaresistencia_1000x614-300x183.jpg 300w, https:\/\/projectes.xtec.cat\/memoriaieducacio\/wp-content\/uploads\/usu2168\/2025\/09\/Entrelaresistencia_1000x614-768x469.jpg 768w\" sizes=\"auto, (max-width: 1000px) 100vw, 1000px\" \/><\/a><span class=\"css-1jxf684 r-bcqeeo r-1ttztb7 r-qvutc0 r-poiln3\">Per seguir en directe les sessions: <a href=\"https:\/\/x.com\/ContemporaniaUB\/status\/1976211386104754336\">https:\/\/x.com\/ContemporaniaUB\/status\/1976211386104754336<\/a><br \/>\n<\/span><\/p>\n","protected":false},"excerpt":{"rendered":"<p><a href=\"https:\/\/projectes.xtec.cat\/nou-curriculum\/general\/entre-la-resistencia-ordinaria-i-la-resistencia-quotidiana-construint-ciutadania-a-espanya-1939-1977-ii-jornada-internacional\/\"><\/a>Per seguir en directe les sessions: <a href=\"https:\/\/x.com\/ContemporaniaUB\/status\/1976211386104754336\">https:\/\/x.com\/ContemporaniaUB\/status\/1976211386104754336<\/a><\/p>\n","protected":false},"author":1,"featured_media":13597,"comment_status":"closed","ping_status":"closed","sticky":false,"template":"","format":"standard","meta":{"_bbp_topic_count":0,"_bbp_reply_count":0,"_bbp_total_topic_count":0,"_bbp_total_reply_count":0,"_bbp_voice_count":0,"_bbp_anonymous_reply_count":0,"_bbp_topic_count_hidden":0,"_bbp_reply_count_hidden":0,"_bbp_forum_subforum_count":0,"footnotes":""},"categories":[285],"tags":[],"class_list":["post-13595","post","type-post","status-publish","format-standard","has-post-thumbnail","hentry","category-noticies"],"post_mailing_queue_ids":[],"_links":{"self":[{"href":"https:\/\/projectes.xtec.cat\/memoriaieducacio\/wp-json\/wp\/v2\/posts\/13595","targetHints":{"allow":["GET"]}}],"collection":[{"href":"https:\/\/projectes.xtec.cat\/memoriaieducacio\/wp-json\/wp\/v2\/posts"}],"about":[{"href":"https:\/\/projectes.xtec.cat\/memoriaieducacio\/wp-json\/wp\/v2\/types\/post"}],"author":[{"embeddable":true,"href":"https:\/\/projectes.xtec.cat\/memoriaieducacio\/wp-json\/wp\/v2\/users\/1"}],"replies":[{"embeddable":true,"href":"https:\/\/projectes.xtec.cat\/memoriaieducacio\/wp-json\/wp\/v2\/comments?post=13595"}],"version-history":[{"count":3,"href":"https:\/\/projectes.xtec.cat\/memoriaieducacio\/wp-json\/wp\/v2\/posts\/13595\/revisions"}],"predecessor-version":[{"id":13635,"href":"https:\/\/projectes.xtec.cat\/memoriaieducacio\/wp-json\/wp\/v2\/posts\/13595\/revisions\/13635"}],"wp:featuredmedia":[{"embeddable":true,"href":"https:\/\/projectes.xtec.cat\/memoriaieducacio\/wp-json\/wp\/v2\/media\/13597"}],"wp:attachment":[{"href":"https:\/\/projectes.xtec.cat\/memoriaieducacio\/wp-json\/wp\/v2\/media?parent=13595"}],"wp:term":[{"taxonomy":"category","embeddable":true,"href":"https:\/\/projectes.xtec.cat\/memoriaieducacio\/wp-json\/wp\/v2\/categories?post=13595"},{"taxonomy":"post_tag","embeddable":true,"href":"https:\/\/projectes.xtec.cat\/memoriaieducacio\/wp-json\/wp\/v2\/tags?post=13595"}],"curies":[{"name":"wp","href":"https:\/\/api.w.org\/{rel}","templated":true}]}}