{"id":13614,"date":"2025-09-26T10:25:23","date_gmt":"2025-09-26T08:25:23","guid":{"rendered":"https:\/\/projectes.xtec.cat\/memoriaieducacio\/?p=13614"},"modified":"2025-10-03T10:37:44","modified_gmt":"2025-10-03T08:37:44","slug":"jornades-past-continous-habilitats-critiques-i-alfabetitzacio-mediatica-a-laula-dhistoria-1-i-2-doctubre","status":"publish","type":"post","link":"https:\/\/projectes.xtec.cat\/memoriaieducacio\/noticies\/jornades-past-continous-habilitats-critiques-i-alfabetitzacio-mediatica-a-laula-dhistoria-1-i-2-doctubre\/","title":{"rendered":"Jornades &#8220;Past Continuous: Habilitats cr\u00edtiques i alfabetitzaci\u00f3 medi\u00e0tica a l&#8217;aula d&#8217;Hist\u00f2ria&#8221;. 1 i 2 d&#8217;octubre"},"content":{"rendered":"<p><a href=\"https:\/\/www.ub.edu\/idp\/web\/sites\/default\/files\/docs\/cursos\/past%20Continous_0.pdf\"><img loading=\"lazy\" decoding=\"async\" class=\"size-large wp-image-13615 aligncenter\" src=\"https:\/\/projectes.xtec.cat\/memoriaieducacio\/wp-content\/uploads\/usu2168\/2025\/09\/pastcontinous_1000x1039-986x1024.jpg\" alt=\"\" width=\"986\" height=\"1024\" srcset=\"https:\/\/projectes.xtec.cat\/memoriaieducacio\/wp-content\/uploads\/usu2168\/2025\/09\/pastcontinous_1000x1039-986x1024.jpg 986w, https:\/\/projectes.xtec.cat\/memoriaieducacio\/wp-content\/uploads\/usu2168\/2025\/09\/pastcontinous_1000x1039-289x300.jpg 289w, https:\/\/projectes.xtec.cat\/memoriaieducacio\/wp-content\/uploads\/usu2168\/2025\/09\/pastcontinous_1000x1039-768x798.jpg 768w, https:\/\/projectes.xtec.cat\/memoriaieducacio\/wp-content\/uploads\/usu2168\/2025\/09\/pastcontinous_1000x1039.jpg 1000w\" sizes=\"auto, (max-width: 986px) 100vw, 986px\" \/><\/a><\/p>\n","protected":false},"excerpt":{"rendered":"<p><a href=\"https:\/\/www.ub.edu\/idp\/web\/sites\/default\/files\/docs\/cursos\/past%20Continous_0.pdf\"><\/a><\/p>\n","protected":false},"author":1,"featured_media":13616,"comment_status":"closed","ping_status":"closed","sticky":false,"template":"","format":"standard","meta":{"_bbp_topic_count":0,"_bbp_reply_count":0,"_bbp_total_topic_count":0,"_bbp_total_reply_count":0,"_bbp_voice_count":0,"_bbp_anonymous_reply_count":0,"_bbp_topic_count_hidden":0,"_bbp_reply_count_hidden":0,"_bbp_forum_subforum_count":0,"footnotes":""},"categories":[285],"tags":[],"class_list":["post-13614","post","type-post","status-publish","format-standard","has-post-thumbnail","hentry","category-noticies"],"post_mailing_queue_ids":[],"_links":{"self":[{"href":"https:\/\/projectes.xtec.cat\/memoriaieducacio\/wp-json\/wp\/v2\/posts\/13614","targetHints":{"allow":["GET"]}}],"collection":[{"href":"https:\/\/projectes.xtec.cat\/memoriaieducacio\/wp-json\/wp\/v2\/posts"}],"about":[{"href":"https:\/\/projectes.xtec.cat\/memoriaieducacio\/wp-json\/wp\/v2\/types\/post"}],"author":[{"embeddable":true,"href":"https:\/\/projectes.xtec.cat\/memoriaieducacio\/wp-json\/wp\/v2\/users\/1"}],"replies":[{"embeddable":true,"href":"https:\/\/projectes.xtec.cat\/memoriaieducacio\/wp-json\/wp\/v2\/comments?post=13614"}],"version-history":[{"count":3,"href":"https:\/\/projectes.xtec.cat\/memoriaieducacio\/wp-json\/wp\/v2\/posts\/13614\/revisions"}],"predecessor-version":[{"id":13620,"href":"https:\/\/projectes.xtec.cat\/memoriaieducacio\/wp-json\/wp\/v2\/posts\/13614\/revisions\/13620"}],"wp:featuredmedia":[{"embeddable":true,"href":"https:\/\/projectes.xtec.cat\/memoriaieducacio\/wp-json\/wp\/v2\/media\/13616"}],"wp:attachment":[{"href":"https:\/\/projectes.xtec.cat\/memoriaieducacio\/wp-json\/wp\/v2\/media?parent=13614"}],"wp:term":[{"taxonomy":"category","embeddable":true,"href":"https:\/\/projectes.xtec.cat\/memoriaieducacio\/wp-json\/wp\/v2\/categories?post=13614"},{"taxonomy":"post_tag","embeddable":true,"href":"https:\/\/projectes.xtec.cat\/memoriaieducacio\/wp-json\/wp\/v2\/tags?post=13614"}],"curies":[{"name":"wp","href":"https:\/\/api.w.org\/{rel}","templated":true}]}}