{"id":13655,"date":"2025-11-03T12:44:46","date_gmt":"2025-11-03T11:44:46","guid":{"rendered":"https:\/\/projectes.xtec.cat\/memoriaieducacio\/?p=13655"},"modified":"2025-11-03T12:44:46","modified_gmt":"2025-11-03T11:44:46","slug":"acte-1975-2025-la-recuperacio-dels-drets-i-les-llibertats-democratiques-la-construccio-dun-futur-millor-7-de-novembre","status":"publish","type":"post","link":"https:\/\/projectes.xtec.cat\/memoriaieducacio\/noticies\/acte-1975-2025-la-recuperacio-dels-drets-i-les-llibertats-democratiques-la-construccio-dun-futur-millor-7-de-novembre\/","title":{"rendered":"Acte \u201c1975-2025. La recuperaci\u00f3 dels drets i les llibertats democr\u00e0tiques; la construcci\u00f3 d\u2019un futur millor\u201d. 7 de novembre"},"content":{"rendered":"<p><a href=\"https:\/\/memoria.gencat.cat\/ca\/detalls\/activitatagenda\/1975-2025.-La-recuperacio-dels-drets-i-les-llibertats-democratiques-la-construccio-dun-futur-millor\"><img loading=\"lazy\" decoding=\"async\" class=\"size-full wp-image-13656 aligncenter\" src=\"https:\/\/projectes.xtec.cat\/memoriaieducacio\/wp-content\/uploads\/usu2168\/2025\/11\/acte20251107_1000X781.jpg\" alt=\"\" width=\"1000\" height=\"781\" srcset=\"https:\/\/projectes.xtec.cat\/memoriaieducacio\/wp-content\/uploads\/usu2168\/2025\/11\/acte20251107_1000X781.jpg 1000w, https:\/\/projectes.xtec.cat\/memoriaieducacio\/wp-content\/uploads\/usu2168\/2025\/11\/acte20251107_1000X781-300x234.jpg 300w, https:\/\/projectes.xtec.cat\/memoriaieducacio\/wp-content\/uploads\/usu2168\/2025\/11\/acte20251107_1000X781-768x600.jpg 768w\" sizes=\"auto, (max-width: 1000px) 100vw, 1000px\" \/><\/a><\/p>\n","protected":false},"excerpt":{"rendered":"<p><a href=\"https:\/\/memoria.gencat.cat\/ca\/detalls\/activitatagenda\/1975-2025.-La-recuperacio-dels-drets-i-les-llibertats-democratiques-la-construccio-dun-futur-millor\"><\/a><\/p>\n","protected":false},"author":1,"featured_media":13657,"comment_status":"closed","ping_status":"closed","sticky":false,"template":"","format":"standard","meta":{"_bbp_topic_count":0,"_bbp_reply_count":0,"_bbp_total_topic_count":0,"_bbp_total_reply_count":0,"_bbp_voice_count":0,"_bbp_anonymous_reply_count":0,"_bbp_topic_count_hidden":0,"_bbp_reply_count_hidden":0,"_bbp_forum_subforum_count":0,"footnotes":""},"categories":[285],"tags":[],"class_list":["post-13655","post","type-post","status-publish","format-standard","has-post-thumbnail","hentry","category-noticies"],"post_mailing_queue_ids":[],"_links":{"self":[{"href":"https:\/\/projectes.xtec.cat\/memoriaieducacio\/wp-json\/wp\/v2\/posts\/13655","targetHints":{"allow":["GET"]}}],"collection":[{"href":"https:\/\/projectes.xtec.cat\/memoriaieducacio\/wp-json\/wp\/v2\/posts"}],"about":[{"href":"https:\/\/projectes.xtec.cat\/memoriaieducacio\/wp-json\/wp\/v2\/types\/post"}],"author":[{"embeddable":true,"href":"https:\/\/projectes.xtec.cat\/memoriaieducacio\/wp-json\/wp\/v2\/users\/1"}],"replies":[{"embeddable":true,"href":"https:\/\/projectes.xtec.cat\/memoriaieducacio\/wp-json\/wp\/v2\/comments?post=13655"}],"version-history":[{"count":1,"href":"https:\/\/projectes.xtec.cat\/memoriaieducacio\/wp-json\/wp\/v2\/posts\/13655\/revisions"}],"predecessor-version":[{"id":13658,"href":"https:\/\/projectes.xtec.cat\/memoriaieducacio\/wp-json\/wp\/v2\/posts\/13655\/revisions\/13658"}],"wp:featuredmedia":[{"embeddable":true,"href":"https:\/\/projectes.xtec.cat\/memoriaieducacio\/wp-json\/wp\/v2\/media\/13657"}],"wp:attachment":[{"href":"https:\/\/projectes.xtec.cat\/memoriaieducacio\/wp-json\/wp\/v2\/media?parent=13655"}],"wp:term":[{"taxonomy":"category","embeddable":true,"href":"https:\/\/projectes.xtec.cat\/memoriaieducacio\/wp-json\/wp\/v2\/categories?post=13655"},{"taxonomy":"post_tag","embeddable":true,"href":"https:\/\/projectes.xtec.cat\/memoriaieducacio\/wp-json\/wp\/v2\/tags?post=13655"}],"curies":[{"name":"wp","href":"https:\/\/api.w.org\/{rel}","templated":true}]}}