{"id":13846,"date":"2026-01-25T10:16:49","date_gmt":"2026-01-25T09:16:49","guid":{"rendered":"https:\/\/projectes.xtec.cat\/memoriaieducacio\/?p=13846"},"modified":"2026-01-28T17:22:48","modified_gmt":"2026-01-28T16:22:48","slug":"commemoracio-del-dia-internacional-en-memoria-de-les-victimes-de-lholocaust-26-de-gener-barcelona","status":"publish","type":"post","link":"https:\/\/projectes.xtec.cat\/memoriaieducacio\/noticies\/commemoracio-del-dia-internacional-en-memoria-de-les-victimes-de-lholocaust-26-de-gener-barcelona\/","title":{"rendered":"Commemoraci\u00f3 del Dia Internacional en mem\u00f2ria de les V\u00edctimes de l&#8217;Holocaust. 26 i 27 de gener Barcelona"},"content":{"rendered":"<p><a href=\"https:\/\/justicia.gencat.cat\/web\/.content\/memoriademocratica\/areparacio\/zactesreconeixement\/aholocaust\/Acte-Holocaust-Programa-2026_2.pdf\"><img loading=\"lazy\" decoding=\"async\" class=\"size-full wp-image-13847 aligncenter\" src=\"https:\/\/projectes.xtec.cat\/memoriaieducacio\/wp-content\/uploads\/usu2168\/2026\/01\/commemoraciovictimesholocaustbarceloan2026_885x763.jpg\" alt=\"\" width=\"825\" height=\"784\" srcset=\"https:\/\/projectes.xtec.cat\/memoriaieducacio\/wp-content\/uploads\/usu2168\/2026\/01\/commemoraciovictimesholocaustbarceloan2026_885x763.jpg 825w, https:\/\/projectes.xtec.cat\/memoriaieducacio\/wp-content\/uploads\/usu2168\/2026\/01\/commemoraciovictimesholocaustbarceloan2026_885x763-300x285.jpg 300w, https:\/\/projectes.xtec.cat\/memoriaieducacio\/wp-content\/uploads\/usu2168\/2026\/01\/commemoraciovictimesholocaustbarceloan2026_885x763-768x730.jpg 768w\" sizes=\"auto, (max-width: 825px) 100vw, 825px\" \/><\/a><\/p>\n","protected":false},"excerpt":{"rendered":"<p><a href=\"https:\/\/justicia.gencat.cat\/web\/.content\/memoriademocratica\/areparacio\/zactesreconeixement\/aholocaust\/Acte-Holocaust-Programa-2026_2.pdf\"><\/a><\/p>\n","protected":false},"author":1,"featured_media":13848,"comment_status":"closed","ping_status":"closed","sticky":false,"template":"","format":"standard","meta":{"_bbp_topic_count":0,"_bbp_reply_count":0,"_bbp_total_topic_count":0,"_bbp_total_reply_count":0,"_bbp_voice_count":0,"_bbp_anonymous_reply_count":0,"_bbp_topic_count_hidden":0,"_bbp_reply_count_hidden":0,"_bbp_forum_subforum_count":0,"footnotes":""},"categories":[285],"tags":[],"class_list":["post-13846","post","type-post","status-publish","format-standard","has-post-thumbnail","hentry","category-noticies"],"post_mailing_queue_ids":[],"_links":{"self":[{"href":"https:\/\/projectes.xtec.cat\/memoriaieducacio\/wp-json\/wp\/v2\/posts\/13846","targetHints":{"allow":["GET"]}}],"collection":[{"href":"https:\/\/projectes.xtec.cat\/memoriaieducacio\/wp-json\/wp\/v2\/posts"}],"about":[{"href":"https:\/\/projectes.xtec.cat\/memoriaieducacio\/wp-json\/wp\/v2\/types\/post"}],"author":[{"embeddable":true,"href":"https:\/\/projectes.xtec.cat\/memoriaieducacio\/wp-json\/wp\/v2\/users\/1"}],"replies":[{"embeddable":true,"href":"https:\/\/projectes.xtec.cat\/memoriaieducacio\/wp-json\/wp\/v2\/comments?post=13846"}],"version-history":[{"count":2,"href":"https:\/\/projectes.xtec.cat\/memoriaieducacio\/wp-json\/wp\/v2\/posts\/13846\/revisions"}],"predecessor-version":[{"id":13936,"href":"https:\/\/projectes.xtec.cat\/memoriaieducacio\/wp-json\/wp\/v2\/posts\/13846\/revisions\/13936"}],"wp:featuredmedia":[{"embeddable":true,"href":"https:\/\/projectes.xtec.cat\/memoriaieducacio\/wp-json\/wp\/v2\/media\/13848"}],"wp:attachment":[{"href":"https:\/\/projectes.xtec.cat\/memoriaieducacio\/wp-json\/wp\/v2\/media?parent=13846"}],"wp:term":[{"taxonomy":"category","embeddable":true,"href":"https:\/\/projectes.xtec.cat\/memoriaieducacio\/wp-json\/wp\/v2\/categories?post=13846"},{"taxonomy":"post_tag","embeddable":true,"href":"https:\/\/projectes.xtec.cat\/memoriaieducacio\/wp-json\/wp\/v2\/tags?post=13846"}],"curies":[{"name":"wp","href":"https:\/\/api.w.org\/{rel}","templated":true}]}}