{"id":13937,"date":"2026-01-28T17:30:54","date_gmt":"2026-01-28T16:30:54","guid":{"rendered":"https:\/\/projectes.xtec.cat\/memoriaieducacio\/?p=13937"},"modified":"2026-01-28T17:31:25","modified_gmt":"2026-01-28T16:31:25","slug":"exposicio-i-despres-de-franco-que-1965-1975-fins-al-19-de-juliol","status":"publish","type":"post","link":"https:\/\/projectes.xtec.cat\/memoriaieducacio\/noticies\/exposicio-i-despres-de-franco-que-1965-1975-fins-al-19-de-juliol\/","title":{"rendered":"Exposici\u00f3 &#8220;I despr\u00e9s de Franco, qu\u00e8? (1965-1975)&#8221;. Fins al 19 de juliol"},"content":{"rendered":"<p><a href=\"https:\/\/www.lamodel.barcelona\/ca\/agenda\/exposicio-i-despres-de-franco-que-1965-1975-99400769021\"><img loading=\"lazy\" decoding=\"async\" class=\"size-full wp-image-13938 aligncenter\" src=\"https:\/\/projectes.xtec.cat\/memoriaieducacio\/wp-content\/uploads\/usu2168\/2026\/01\/idespresdefranco_903x837.jpg\" alt=\"\" width=\"903\" height=\"937\" srcset=\"https:\/\/projectes.xtec.cat\/memoriaieducacio\/wp-content\/uploads\/usu2168\/2026\/01\/idespresdefranco_903x837.jpg 903w, https:\/\/projectes.xtec.cat\/memoriaieducacio\/wp-content\/uploads\/usu2168\/2026\/01\/idespresdefranco_903x837-289x300.jpg 289w, https:\/\/projectes.xtec.cat\/memoriaieducacio\/wp-content\/uploads\/usu2168\/2026\/01\/idespresdefranco_903x837-768x797.jpg 768w\" sizes=\"auto, (max-width: 903px) 100vw, 903px\" \/><\/a><\/p>\n","protected":false},"excerpt":{"rendered":"<p><a href=\"https:\/\/www.lamodel.barcelona\/ca\/agenda\/exposicio-i-despres-de-franco-que-1965-1975-99400769021\"><\/a><\/p>\n","protected":false},"author":1,"featured_media":13939,"comment_status":"closed","ping_status":"closed","sticky":false,"template":"","format":"standard","meta":{"_bbp_topic_count":0,"_bbp_reply_count":0,"_bbp_total_topic_count":0,"_bbp_total_reply_count":0,"_bbp_voice_count":0,"_bbp_anonymous_reply_count":0,"_bbp_topic_count_hidden":0,"_bbp_reply_count_hidden":0,"_bbp_forum_subforum_count":0,"footnotes":""},"categories":[285],"tags":[],"class_list":["post-13937","post","type-post","status-publish","format-standard","has-post-thumbnail","hentry","category-noticies"],"post_mailing_queue_ids":[],"_links":{"self":[{"href":"https:\/\/projectes.xtec.cat\/memoriaieducacio\/wp-json\/wp\/v2\/posts\/13937","targetHints":{"allow":["GET"]}}],"collection":[{"href":"https:\/\/projectes.xtec.cat\/memoriaieducacio\/wp-json\/wp\/v2\/posts"}],"about":[{"href":"https:\/\/projectes.xtec.cat\/memoriaieducacio\/wp-json\/wp\/v2\/types\/post"}],"author":[{"embeddable":true,"href":"https:\/\/projectes.xtec.cat\/memoriaieducacio\/wp-json\/wp\/v2\/users\/1"}],"replies":[{"embeddable":true,"href":"https:\/\/projectes.xtec.cat\/memoriaieducacio\/wp-json\/wp\/v2\/comments?post=13937"}],"version-history":[{"count":2,"href":"https:\/\/projectes.xtec.cat\/memoriaieducacio\/wp-json\/wp\/v2\/posts\/13937\/revisions"}],"predecessor-version":[{"id":13941,"href":"https:\/\/projectes.xtec.cat\/memoriaieducacio\/wp-json\/wp\/v2\/posts\/13937\/revisions\/13941"}],"wp:featuredmedia":[{"embeddable":true,"href":"https:\/\/projectes.xtec.cat\/memoriaieducacio\/wp-json\/wp\/v2\/media\/13939"}],"wp:attachment":[{"href":"https:\/\/projectes.xtec.cat\/memoriaieducacio\/wp-json\/wp\/v2\/media?parent=13937"}],"wp:term":[{"taxonomy":"category","embeddable":true,"href":"https:\/\/projectes.xtec.cat\/memoriaieducacio\/wp-json\/wp\/v2\/categories?post=13937"},{"taxonomy":"post_tag","embeddable":true,"href":"https:\/\/projectes.xtec.cat\/memoriaieducacio\/wp-json\/wp\/v2\/tags?post=13937"}],"curies":[{"name":"wp","href":"https:\/\/api.w.org\/{rel}","templated":true}]}}