{"id":13954,"date":"2026-02-12T20:33:06","date_gmt":"2026-02-12T19:33:06","guid":{"rendered":"https:\/\/projectes.xtec.cat\/memoriaieducacio\/?p=13954"},"modified":"2026-02-12T20:33:06","modified_gmt":"2026-02-12T19:33:06","slug":"educacio-memoria-i-democracia-xxxiii-jornada-de-reflexio-del-consell-deducacio-de-catalunya-14-de-marc-manresa","status":"publish","type":"post","link":"https:\/\/projectes.xtec.cat\/memoriaieducacio\/noticies\/educacio-memoria-i-democracia-xxxiii-jornada-de-reflexio-del-consell-deducacio-de-catalunya-14-de-marc-manresa\/","title":{"rendered":"Educaci\u00f3, mem\u00f2ria i democr\u00e0cia. XXXIII Jornada de reflexi\u00f3 del Consell d&#8217;Educaci\u00f3 de Catalunya. 14 de mar\u00e7. Manresa"},"content":{"rendered":"<p><a href=\"https:\/\/conselleducacio.gencat.cat\/ca\/detalls\/actualitat\/xxxiii-jornada-educacio-memoria-democracia\"><img loading=\"lazy\" decoding=\"async\" class=\"size-full wp-image-13955 aligncenter\" src=\"https:\/\/projectes.xtec.cat\/memoriaieducacio\/wp-content\/uploads\/usu2168\/2026\/02\/educacio_memoria_democracia_1000x708.jpg\" alt=\"\" width=\"1000\" height=\"708\" srcset=\"https:\/\/projectes.xtec.cat\/memoriaieducacio\/wp-content\/uploads\/usu2168\/2026\/02\/educacio_memoria_democracia_1000x708.jpg 1000w, https:\/\/projectes.xtec.cat\/memoriaieducacio\/wp-content\/uploads\/usu2168\/2026\/02\/educacio_memoria_democracia_1000x708-300x212.jpg 300w, https:\/\/projectes.xtec.cat\/memoriaieducacio\/wp-content\/uploads\/usu2168\/2026\/02\/educacio_memoria_democracia_1000x708-768x544.jpg 768w\" sizes=\"auto, (max-width: 1000px) 100vw, 1000px\" \/><\/a><\/p>\n","protected":false},"excerpt":{"rendered":"<p><a href=\"https:\/\/conselleducacio.gencat.cat\/ca\/detalls\/actualitat\/xxxiii-jornada-educacio-memoria-democracia\"><\/a><\/p>\n","protected":false},"author":1,"featured_media":13956,"comment_status":"closed","ping_status":"closed","sticky":false,"template":"","format":"standard","meta":{"_bbp_topic_count":0,"_bbp_reply_count":0,"_bbp_total_topic_count":0,"_bbp_total_reply_count":0,"_bbp_voice_count":0,"_bbp_anonymous_reply_count":0,"_bbp_topic_count_hidden":0,"_bbp_reply_count_hidden":0,"_bbp_forum_subforum_count":0,"footnotes":""},"categories":[285],"tags":[],"class_list":["post-13954","post","type-post","status-publish","format-standard","has-post-thumbnail","hentry","category-noticies"],"post_mailing_queue_ids":[],"_links":{"self":[{"href":"https:\/\/projectes.xtec.cat\/memoriaieducacio\/wp-json\/wp\/v2\/posts\/13954","targetHints":{"allow":["GET"]}}],"collection":[{"href":"https:\/\/projectes.xtec.cat\/memoriaieducacio\/wp-json\/wp\/v2\/posts"}],"about":[{"href":"https:\/\/projectes.xtec.cat\/memoriaieducacio\/wp-json\/wp\/v2\/types\/post"}],"author":[{"embeddable":true,"href":"https:\/\/projectes.xtec.cat\/memoriaieducacio\/wp-json\/wp\/v2\/users\/1"}],"replies":[{"embeddable":true,"href":"https:\/\/projectes.xtec.cat\/memoriaieducacio\/wp-json\/wp\/v2\/comments?post=13954"}],"version-history":[{"count":1,"href":"https:\/\/projectes.xtec.cat\/memoriaieducacio\/wp-json\/wp\/v2\/posts\/13954\/revisions"}],"predecessor-version":[{"id":13957,"href":"https:\/\/projectes.xtec.cat\/memoriaieducacio\/wp-json\/wp\/v2\/posts\/13954\/revisions\/13957"}],"wp:featuredmedia":[{"embeddable":true,"href":"https:\/\/projectes.xtec.cat\/memoriaieducacio\/wp-json\/wp\/v2\/media\/13956"}],"wp:attachment":[{"href":"https:\/\/projectes.xtec.cat\/memoriaieducacio\/wp-json\/wp\/v2\/media?parent=13954"}],"wp:term":[{"taxonomy":"category","embeddable":true,"href":"https:\/\/projectes.xtec.cat\/memoriaieducacio\/wp-json\/wp\/v2\/categories?post=13954"},{"taxonomy":"post_tag","embeddable":true,"href":"https:\/\/projectes.xtec.cat\/memoriaieducacio\/wp-json\/wp\/v2\/tags?post=13954"}],"curies":[{"name":"wp","href":"https:\/\/api.w.org\/{rel}","templated":true}]}}