{"id":13995,"date":"2026-03-18T09:04:14","date_gmt":"2026-03-18T08:04:14","guid":{"rendered":"https:\/\/projectes.xtec.cat\/memoriaieducacio\/?p=13995"},"modified":"2026-03-18T09:04:14","modified_gmt":"2026-03-18T08:04:14","slug":"conferencia-el-paper-de-les-dones-a-les-lluites-veinals-a-lhospitalet-19-de-marc","status":"publish","type":"post","link":"https:\/\/projectes.xtec.cat\/memoriaieducacio\/noticies\/conferencia-el-paper-de-les-dones-a-les-lluites-veinals-a-lhospitalet-19-de-marc\/","title":{"rendered":"Confer\u00e8ncia &#8220;El paper de les dones a les lluites ve\u00efnals a l&#8217;Hospitalet&#8221;. 19 de mar\u00e7"},"content":{"rendered":"<p><a href=\"https:\/\/museu.l-h.cat\/detallActe.aspx?1JF91jiqazAjN6bBtnCIrWTpgHqazCqTL864b5M5sKqsniLcFez6I7sw663EfKIsPxzkuqG\"><img loading=\"lazy\" decoding=\"async\" class=\"size-full wp-image-13996 aligncenter\" src=\"https:\/\/projectes.xtec.cat\/memoriaieducacio\/wp-content\/uploads\/usu2168\/2026\/03\/elpaperdelesdonesalHospitalet_823X726.jpg\" alt=\"\" width=\"823\" height=\"761\" srcset=\"https:\/\/projectes.xtec.cat\/memoriaieducacio\/wp-content\/uploads\/usu2168\/2026\/03\/elpaperdelesdonesalHospitalet_823X726.jpg 823w, https:\/\/projectes.xtec.cat\/memoriaieducacio\/wp-content\/uploads\/usu2168\/2026\/03\/elpaperdelesdonesalHospitalet_823X726-300x277.jpg 300w, https:\/\/projectes.xtec.cat\/memoriaieducacio\/wp-content\/uploads\/usu2168\/2026\/03\/elpaperdelesdonesalHospitalet_823X726-768x710.jpg 768w\" sizes=\"auto, (max-width: 823px) 100vw, 823px\" \/><\/a><\/p>\n","protected":false},"excerpt":{"rendered":"<p><a href=\"https:\/\/museu.l-h.cat\/detallActe.aspx?1JF91jiqazAjN6bBtnCIrWTpgHqazCqTL864b5M5sKqsniLcFez6I7sw663EfKIsPxzkuqG\"><\/a><\/p>\n","protected":false},"author":1,"featured_media":13997,"comment_status":"closed","ping_status":"closed","sticky":false,"template":"","format":"standard","meta":{"_bbp_topic_count":0,"_bbp_reply_count":0,"_bbp_total_topic_count":0,"_bbp_total_reply_count":0,"_bbp_voice_count":0,"_bbp_anonymous_reply_count":0,"_bbp_topic_count_hidden":0,"_bbp_reply_count_hidden":0,"_bbp_forum_subforum_count":0,"footnotes":""},"categories":[285],"tags":[],"class_list":["post-13995","post","type-post","status-publish","format-standard","has-post-thumbnail","hentry","category-noticies"],"post_mailing_queue_ids":[],"_links":{"self":[{"href":"https:\/\/projectes.xtec.cat\/memoriaieducacio\/wp-json\/wp\/v2\/posts\/13995","targetHints":{"allow":["GET"]}}],"collection":[{"href":"https:\/\/projectes.xtec.cat\/memoriaieducacio\/wp-json\/wp\/v2\/posts"}],"about":[{"href":"https:\/\/projectes.xtec.cat\/memoriaieducacio\/wp-json\/wp\/v2\/types\/post"}],"author":[{"embeddable":true,"href":"https:\/\/projectes.xtec.cat\/memoriaieducacio\/wp-json\/wp\/v2\/users\/1"}],"replies":[{"embeddable":true,"href":"https:\/\/projectes.xtec.cat\/memoriaieducacio\/wp-json\/wp\/v2\/comments?post=13995"}],"version-history":[{"count":1,"href":"https:\/\/projectes.xtec.cat\/memoriaieducacio\/wp-json\/wp\/v2\/posts\/13995\/revisions"}],"predecessor-version":[{"id":13998,"href":"https:\/\/projectes.xtec.cat\/memoriaieducacio\/wp-json\/wp\/v2\/posts\/13995\/revisions\/13998"}],"wp:featuredmedia":[{"embeddable":true,"href":"https:\/\/projectes.xtec.cat\/memoriaieducacio\/wp-json\/wp\/v2\/media\/13997"}],"wp:attachment":[{"href":"https:\/\/projectes.xtec.cat\/memoriaieducacio\/wp-json\/wp\/v2\/media?parent=13995"}],"wp:term":[{"taxonomy":"category","embeddable":true,"href":"https:\/\/projectes.xtec.cat\/memoriaieducacio\/wp-json\/wp\/v2\/categories?post=13995"},{"taxonomy":"post_tag","embeddable":true,"href":"https:\/\/projectes.xtec.cat\/memoriaieducacio\/wp-json\/wp\/v2\/tags?post=13995"}],"curies":[{"name":"wp","href":"https:\/\/api.w.org\/{rel}","templated":true}]}}