{"id":8368,"date":"2020-05-30T13:07:17","date_gmt":"2020-05-30T11:07:17","guid":{"rendered":"https:\/\/projectes.xtec.cat\/memoriaieducacio\/?p=8368"},"modified":"2020-06-01T20:55:48","modified_gmt":"2020-06-01T18:55:48","slug":"el-dolor-de-m-duras-club-de-lectura-sessio-4","status":"publish","type":"post","link":"https:\/\/projectes.xtec.cat\/memoriaieducacio\/noticies\/el-dolor-de-m-duras-club-de-lectura-sessio-4\/","title":{"rendered":"El dolor de M. Duras. Club de lectura. Sessi\u00f3 4."},"content":{"rendered":"<p><a href=\"https:\/\/projectes.xtec.cat\/memoriaieducacio\/wp-content\/uploads\/usu2168\/2020\/05\/El_dolor_cdlv4.jpg\"><img loading=\"lazy\" decoding=\"async\" class=\"size-full wp-image-8369 aligncenter\" src=\"https:\/\/projectes.xtec.cat\/memoriaieducacio\/wp-content\/uploads\/usu2168\/2020\/05\/El_dolor_cdlv4.jpg\" alt=\"\" width=\"800\" height=\"300\" srcset=\"https:\/\/projectes.xtec.cat\/memoriaieducacio\/wp-content\/uploads\/usu2168\/2020\/05\/El_dolor_cdlv4.jpg 800w, https:\/\/projectes.xtec.cat\/memoriaieducacio\/wp-content\/uploads\/usu2168\/2020\/05\/El_dolor_cdlv4-300x113.jpg 300w, https:\/\/projectes.xtec.cat\/memoriaieducacio\/wp-content\/uploads\/usu2168\/2020\/05\/El_dolor_cdlv4-768x288.jpg 768w\" sizes=\"auto, (max-width: 800px) 100vw, 800px\" \/><\/a><span style=\"font-family: inherit; font-size: 1em;\" data-contrast=\"none\">El Grup DEMD organitza una <\/span><span style=\"font-family: inherit; font-size: 1em;\" data-contrast=\"none\">nova\u00a0<\/span><span style=\"font-family: inherit; font-size: 1em;\" data-contrast=\"none\">trobada\u202fliter\u00e0ria\u202fen l\u00ednia\u202fper\u00a0<\/span><span style=\"font-family: inherit; font-size: 1em;\" data-contrast=\"none\">dialogar entorn el<\/span><span style=\"font-family: inherit; font-size: 1em;\" data-contrast=\"none\">\u00a0llibre\u202f<\/span><em style=\"font-family: inherit; font-size: 1em;\"><span data-contrast=\"none\">El\u00a0<\/span><\/em><em style=\"font-family: inherit; font-size: 1em;\"><span data-contrast=\"none\">dolor<\/span><\/em><em style=\"font-family: inherit; font-size: 1em;\"><span data-contrast=\"none\">,\u202f<\/span><\/em><span style=\"font-family: inherit; font-size: 1em;\" data-contrast=\"none\">de\u202f<\/span><span style=\"font-family: inherit; font-size: 1em;\" data-contrast=\"none\">Marguerite Duras<\/span><span style=\"font-family: inherit; font-size: 1em;\" data-contrast=\"none\">.<\/span><span style=\"font-family: inherit; font-size: 1em;\" data-wac-het=\"1\" data-ccp-props=\"{}\">\u00a0<\/span><\/p>\n<div class=\"basic_text_peq m-15m\">\n<p><span data-contrast=\"none\">Marguerite\u00a0<\/span><span data-contrast=\"none\">Germaine<\/span><span data-contrast=\"none\">\u00a0Marie\u00a0<\/span><span data-contrast=\"none\">Donnadieu<\/span><span data-contrast=\"none\">\u00a0(1914-1996), m\u00e9s coneguda com a Marguerite Duras, fou una rellevant novel\u00b7lista, dramaturga, guionista i directora de cinema francesa.\u00a0<\/span><span data-wac-het=\"1\" data-ccp-props=\"{}\">\u00a0<\/span><\/p>\n<p><span data-contrast=\"none\">La seva obra liter\u00e0ria titulada\u00a0<\/span><em><span data-contrast=\"none\">El dolor<\/span><\/em><span data-contrast=\"none\">\u00a0\u00e9s de car\u00e0cter semi-autobiogr\u00e0fic, escrita l&#8217;any 1985, en la qual recull textos del seu diari escrit els \u00faltims dies de la Segona Guerra Mundial, mentre esperava el retorn del seu marit, Robert\u00a0<\/span><span data-contrast=\"none\">Antelme<\/span><span data-contrast=\"none\">, deportat al camp de concentraci\u00f3 de\u00a0<\/span><span data-contrast=\"none\">Dachau<\/span><span data-contrast=\"none\">.\u00a0<\/span><span data-wac-het=\"1\" data-ccp-props=\"{}\">\u00a0<\/span><\/p>\n<p><span data-contrast=\"none\">En aquesta sessi\u00f3 es comptar\u00e0 amb la participaci\u00f3 especial de la jove poeta i autora Blanca Llum Vidal, qui ha tradu\u00eft al catal\u00e0, amb Arnau Pons, l&#8217;obra &#8220;La\u00a0<\/span><span data-contrast=\"none\">douleur<\/span><span data-contrast=\"none\">&#8221; (1985), de Marguerite Duras (<\/span><span data-contrast=\"none\">LaBreu<\/span><span data-contrast=\"none\"> Edicions)<\/span><\/p>\n<h3><\/h3>\n<\/div>\n","protected":false},"excerpt":{"rendered":"<p><a href=\"https:\/\/projectes.xtec.cat\/memoriaieducacio\/wp-content\/uploads\/usu2168\/2020\/05\/El_dolor_cdlv4.jpg\"><\/a>El Grup DEMD organitza una nova\u00a0trobada\u202fliter\u00e0ria\u202fen l\u00ednia\u202fper\u00a0dialogar entorn el\u00a0llibre\u202fEl\u00a0dolor,\u202fde\u202fMarguerite Duras.\u00a0<\/p>\n<p>Marguerite\u00a0Germaine\u00a0Marie\u00a0Donnadieu\u00a0(1914-1996), m\u00e9s coneguda com a Marguerite Duras, fou una rellevant novel\u00b7lista, dramaturga, guionista i directora de cinema francesa.\u00a0\u00a0<br \/>\nLa seva obra liter\u00e0ria titulada\u00a0El dolor\u00a0\u00e9s de car\u00e0cter semi-autobiogr\u00e0fic, escrita l&#8217;any 1985, en la qual recull textos del&hellip;  <a href=\"https:\/\/projectes.xtec.cat\/memoriaieducacio\/noticies\/el-dolor-de-m-duras-club-de-lectura-sessio-4\/\" title=\"Read El dolor de M. Duras. Club de lectura. Sessi\u00f3 4.\">Llegeix m\u00e9s\u00bb<\/a><\/p>\n","protected":false},"author":1,"featured_media":8448,"comment_status":"closed","ping_status":"closed","sticky":false,"template":"","format":"standard","meta":{"_bbp_topic_count":0,"_bbp_reply_count":0,"_bbp_total_topic_count":0,"_bbp_total_reply_count":0,"_bbp_voice_count":0,"_bbp_anonymous_reply_count":0,"_bbp_topic_count_hidden":0,"_bbp_reply_count_hidden":0,"_bbp_forum_subforum_count":0,"footnotes":""},"categories":[285],"tags":[],"class_list":["post-8368","post","type-post","status-publish","format-standard","has-post-thumbnail","hentry","category-noticies"],"post_mailing_queue_ids":[],"_links":{"self":[{"href":"https:\/\/projectes.xtec.cat\/memoriaieducacio\/wp-json\/wp\/v2\/posts\/8368","targetHints":{"allow":["GET"]}}],"collection":[{"href":"https:\/\/projectes.xtec.cat\/memoriaieducacio\/wp-json\/wp\/v2\/posts"}],"about":[{"href":"https:\/\/projectes.xtec.cat\/memoriaieducacio\/wp-json\/wp\/v2\/types\/post"}],"author":[{"embeddable":true,"href":"https:\/\/projectes.xtec.cat\/memoriaieducacio\/wp-json\/wp\/v2\/users\/1"}],"replies":[{"embeddable":true,"href":"https:\/\/projectes.xtec.cat\/memoriaieducacio\/wp-json\/wp\/v2\/comments?post=8368"}],"version-history":[{"count":3,"href":"https:\/\/projectes.xtec.cat\/memoriaieducacio\/wp-json\/wp\/v2\/posts\/8368\/revisions"}],"predecessor-version":[{"id":8459,"href":"https:\/\/projectes.xtec.cat\/memoriaieducacio\/wp-json\/wp\/v2\/posts\/8368\/revisions\/8459"}],"wp:featuredmedia":[{"embeddable":true,"href":"https:\/\/projectes.xtec.cat\/memoriaieducacio\/wp-json\/wp\/v2\/media\/8448"}],"wp:attachment":[{"href":"https:\/\/projectes.xtec.cat\/memoriaieducacio\/wp-json\/wp\/v2\/media?parent=8368"}],"wp:term":[{"taxonomy":"category","embeddable":true,"href":"https:\/\/projectes.xtec.cat\/memoriaieducacio\/wp-json\/wp\/v2\/categories?post=8368"},{"taxonomy":"post_tag","embeddable":true,"href":"https:\/\/projectes.xtec.cat\/memoriaieducacio\/wp-json\/wp\/v2\/tags?post=8368"}],"curies":[{"name":"wp","href":"https:\/\/api.w.org\/{rel}","templated":true}]}}