{"id":9355,"date":"2021-01-23T20:43:42","date_gmt":"2021-01-23T19:43:42","guid":{"rendered":"https:\/\/projectes.xtec.cat\/memoriaieducacio\/?p=9355"},"modified":"2021-07-04T11:42:50","modified_gmt":"2021-07-04T09:42:50","slug":"dia-internacional-en-memoria-de-les-victimes-de-lholocaust-2021","status":"publish","type":"post","link":"https:\/\/projectes.xtec.cat\/memoriaieducacio\/noticies\/dia-internacional-en-memoria-de-les-victimes-de-lholocaust-2021\/","title":{"rendered":"Dia internacional en mem\u00f2ria de les v\u00edctimes de l&#8217;Holocaust 2021"},"content":{"rendered":"<p>Atesa la situaci\u00f3 sanit\u00e0ria produ\u00efda per la covid-19 i la impossibilitat de reunir-se presencialment hem realitzat un muntatge audiovisual amb els treballs produ\u00efts per l&#8217;alumnat i el professorat de diversos centres de secund\u00e0ria.<\/p>\n<p>Us avancem un clip de l&#8217;audiovisual i us convidem a visionar el v\u00eddeo des del portal <a href=\"http:\/\/xtec.gencat.cat\">XTEC<\/a> el <strong>27 de gener a les 12.30 h <\/strong>com a part central o com a cloenda dels actes commemoratius que es realitzin al vostre centre.<\/p>\n<p style=\"text-align: center;\"><iframe loading=\"lazy\" src=\"https:\/\/drive.google.com\/file\/d\/1uXrO7Vcv67xQ74DXRxEcnDJbcMQkkQE1\/preview\" width=\"640\" height=\"480\"><\/iframe><\/p>\n<p>&nbsp;<\/p>\n<p>&nbsp;<\/p>\n","protected":false},"excerpt":{"rendered":"<p>Atesa la situaci\u00f3 sanit\u00e0ria produ\u00efda per la covid-19 i la impossibilitat de reunir-se presencialment hem realitzat un muntatge audiovisual amb els treballs produ\u00efts per l&#8217;alumnat i el professorat de diversos centres de secund\u00e0ria.<br \/>\nUs avancem un clip de l&#8217;audiovisual i us convidem a visionar el v\u00eddeo&hellip;  <a href=\"https:\/\/projectes.xtec.cat\/memoriaieducacio\/noticies\/dia-internacional-en-memoria-de-les-victimes-de-lholocaust-2021\/\" title=\"Read Dia internacional en mem\u00f2ria de les v\u00edctimes de l&#8217;Holocaust 2021\">Llegeix m\u00e9s\u00bb<\/a><\/p>\n","protected":false},"author":1,"featured_media":9378,"comment_status":"closed","ping_status":"closed","sticky":false,"template":"","format":"standard","meta":{"_bbp_topic_count":0,"_bbp_reply_count":0,"_bbp_total_topic_count":0,"_bbp_total_reply_count":0,"_bbp_voice_count":0,"_bbp_anonymous_reply_count":0,"_bbp_topic_count_hidden":0,"_bbp_reply_count_hidden":0,"_bbp_forum_subforum_count":0,"footnotes":""},"categories":[294,285],"tags":[],"class_list":["post-9355","post","type-post","status-publish","format-standard","has-post-thumbnail","hentry","category-activitats","category-noticies"],"post_mailing_queue_ids":[],"_links":{"self":[{"href":"https:\/\/projectes.xtec.cat\/memoriaieducacio\/wp-json\/wp\/v2\/posts\/9355","targetHints":{"allow":["GET"]}}],"collection":[{"href":"https:\/\/projectes.xtec.cat\/memoriaieducacio\/wp-json\/wp\/v2\/posts"}],"about":[{"href":"https:\/\/projectes.xtec.cat\/memoriaieducacio\/wp-json\/wp\/v2\/types\/post"}],"author":[{"embeddable":true,"href":"https:\/\/projectes.xtec.cat\/memoriaieducacio\/wp-json\/wp\/v2\/users\/1"}],"replies":[{"embeddable":true,"href":"https:\/\/projectes.xtec.cat\/memoriaieducacio\/wp-json\/wp\/v2\/comments?post=9355"}],"version-history":[{"count":4,"href":"https:\/\/projectes.xtec.cat\/memoriaieducacio\/wp-json\/wp\/v2\/posts\/9355\/revisions"}],"predecessor-version":[{"id":9476,"href":"https:\/\/projectes.xtec.cat\/memoriaieducacio\/wp-json\/wp\/v2\/posts\/9355\/revisions\/9476"}],"wp:featuredmedia":[{"embeddable":true,"href":"https:\/\/projectes.xtec.cat\/memoriaieducacio\/wp-json\/wp\/v2\/media\/9378"}],"wp:attachment":[{"href":"https:\/\/projectes.xtec.cat\/memoriaieducacio\/wp-json\/wp\/v2\/media?parent=9355"}],"wp:term":[{"taxonomy":"category","embeddable":true,"href":"https:\/\/projectes.xtec.cat\/memoriaieducacio\/wp-json\/wp\/v2\/categories?post=9355"},{"taxonomy":"post_tag","embeddable":true,"href":"https:\/\/projectes.xtec.cat\/memoriaieducacio\/wp-json\/wp\/v2\/tags?post=9355"}],"curies":[{"name":"wp","href":"https:\/\/api.w.org\/{rel}","templated":true}]}}